{"id":6307,"date":"2025-08-11T15:15:15","date_gmt":"2025-08-11T13:15:15","guid":{"rendered":"https:\/\/ralf100m.de\/?p=6307"},"modified":"2025-08-11T15:30:32","modified_gmt":"2025-08-11T13:30:32","slug":"de-lemploye-au-marche-de-lemploi-ce-qui-change-pour-les-comptables","status":"publish","type":"post","link":"https:\/\/ralf100m.de\/fr\/vom-arbeitnehmer-zum-arbeitgebermarkt-was-sich-fuer-buchhaltungskraefte-aendert\/","title":{"rendered":"Du march\u00e9 des employ\u00e9s \u00e0 celui des employeurs : ce qui change pour les comptables"},"content":{"rendered":"<p>Dans le cadre de nos entretiens r\u00e9guliers avec notre partenaire de coop\u00e9ration Robert Half, nous jetons un coup d'\u0153il sur les \u00e9volutions actuelles du march\u00e9 du travail pour les comptables.<\/p>\n<p>La derni\u00e8re \u00e9valuation montre clairement que l'\u00e2ge d'or du march\u00e9 des employ\u00e9s est r\u00e9volu - les employeurs font aujourd'hui des choix plus cibl\u00e9s, misent sur le 'perfect match' et accordent une attention accrue aux comp\u00e9tences pratiques et logicielles.<\/p>\n<p>Lisez ici ce que cela signifie pour les comptables d\u00e9butants et exp\u00e9riment\u00e9s et comment se positionner maintenant de mani\u00e8re optimale.<\/p>\n<p><em>(Source d'information : entretien\/\u00e9valuation du march\u00e9, \u00e9tat ao\u00fbt 2025)<\/em><\/p>\n<p><img decoding=\"async\" class=\"aligncenter size-large wp-image-6309\" src=\"https:\/\/ralf100m.de\/wp-content\/uploads\/2025\/08\/pexels-bia-limova-1908542654-33175669-1024x683.jpg\" alt=\"\" width=\"1024\" height=\"683\" srcset=\"https:\/\/ralf100m.de\/wp-content\/uploads\/2025\/08\/pexels-bia-limova-1908542654-33175669-1024x683.jpg 1024w, https:\/\/ralf100m.de\/wp-content\/uploads\/2025\/08\/pexels-bia-limova-1908542654-33175669-300x200.jpg 300w, https:\/\/ralf100m.de\/wp-content\/uploads\/2025\/08\/pexels-bia-limova-1908542654-33175669-768x512.jpg 768w, https:\/\/ralf100m.de\/wp-content\/uploads\/2025\/08\/pexels-bia-limova-1908542654-33175669-1536x1024.jpg 1536w, https:\/\/ralf100m.de\/wp-content\/uploads\/2025\/08\/pexels-bia-limova-1908542654-33175669-2048x1365.jpg 2048w, https:\/\/ralf100m.de\/wp-content\/uploads\/2025\/08\/pexels-bia-limova-1908542654-33175669-18x12.jpg 18w, https:\/\/ralf100m.de\/wp-content\/uploads\/2025\/08\/pexels-bia-limova-1908542654-33175669-600x400.jpg 600w, https:\/\/ralf100m.de\/wp-content\/uploads\/2025\/08\/pexels-bia-limova-1908542654-33175669-scaled.jpg 2560w\" sizes=\"(max-width: 1024px) 100vw, 1024px\" \/><\/p>\n<p>Il y a quelques ann\u00e9es encore, de nombreux professionnels de la <strong>Comptabilit\u00e9 financi\u00e8re<\/strong> choisissaient presque librement leur travail. Aujourd'hui, le march\u00e9 s'est nettement orient\u00e9 vers <strong>March\u00e9 des employeurs<\/strong> report\u00e9 :<\/p>\n<p>Les entreprises font des choix plus cibl\u00e9s, la maturit\u00e9 pratique et les soft skills comptent davantage que la th\u00e9orie pure. (Coup d'\u0153il du partenaire Robert Half)<\/p>\n<h2>1 Les employeurs font des choix plus cibl\u00e9s<\/h2>\n<p>Suite \u00e0 des faillites et des restructurations, il y a plus de profils qualifi\u00e9s \u00e0 choisir - le <em>Perfect Match<\/em> d\u00e9cide. La pratique des outils courants (DATEV, Lexware), la rigueur, le rythme et la communication en \u00e9quipe sont des crit\u00e8res de s\u00e9lection tangibles.<\/p>\n<p>Les salaires et les recrutements actuels viennent \u00e9tayer cette affirmation.<\/p>\n<h2>2 Bureau \u00e0 domicile : niveau \u00e9lev\u00e9, mais pr\u00e9sence \u00e0 nouveau plus importante<\/h2>\n<p>Le home office reste nettement plus r\u00e9pandu qu'en 2019, mais de nombreuses entreprises r\u00e9duisent les mod\u00e8les purement \u00e0 distance et s'attendent \u00e0 plusieurs jours de pr\u00e9sence.<\/p>\n<p>Destatis indique <strong>24,1 %<\/strong> Utilisation du t\u00e9l\u00e9travail en 2024 (2019 : <strong>12,9 %<\/strong>).<\/p>\n<p>&nbsp;<\/p>\n<p><img decoding=\"async\" class=\"aligncenter size-large wp-image-6313\" src=\"https:\/\/ralf100m.de\/wp-content\/uploads\/2025\/08\/homeoffice_de_2019_2024_destatis-1024x683.png\" alt=\"\" width=\"1024\" height=\"683\" srcset=\"https:\/\/ralf100m.de\/wp-content\/uploads\/2025\/08\/homeoffice_de_2019_2024_destatis-1024x683.png 1024w, https:\/\/ralf100m.de\/wp-content\/uploads\/2025\/08\/homeoffice_de_2019_2024_destatis-300x200.png 300w, https:\/\/ralf100m.de\/wp-content\/uploads\/2025\/08\/homeoffice_de_2019_2024_destatis-768x512.png 768w, https:\/\/ralf100m.de\/wp-content\/uploads\/2025\/08\/homeoffice_de_2019_2024_destatis-18x12.png 18w, https:\/\/ralf100m.de\/wp-content\/uploads\/2025\/08\/homeoffice_de_2019_2024_destatis-600x400.png 600w, https:\/\/ralf100m.de\/wp-content\/uploads\/2025\/08\/homeoffice_de_2019_2024_destatis.png 1200w\" sizes=\"(max-width: 1024px) 100vw, 1024px\" \/><\/p>\n<p><small>Source : Office f\u00e9d\u00e9ral des statistiques (Destatis), \"Erwerbst\u00e4tige, die zu Hause arbeiten\" (appel 2025).<\/small><\/p>\n<h2>3 Salaires et taux horaires : Orientation 2025<\/h2>\n<ul>\n<li><strong>Observation du march\u00e9 (Partner-Insight) :<\/strong> D\u00e9butant env. <strong>15-17 \u20ac\/h<\/strong>avec une exp\u00e9rience professionnelle pertinente <strong>18 \u20ac\/h<\/strong>selon le niveau, jusqu'\u00e0 environ <strong>30-35 \u20ac\/h<\/strong>.<\/li>\n<li><strong>Rep\u00e8res externes (salaires annuels) :<\/strong> Les fourchettes m\u00e9dianes pour les r\u00f4les comptables se situent (en fonction de la r\u00e9gion\/taille) approximativement entre ~ ~ et ~ ~.<strong>39-55 T\u20ac<\/strong>, niveaux plus \u00e9lev\u00e9s (comptabilit\u00e9 de bilan) jusqu'\u00e0 ~<strong>70-88 T\u20ac<\/strong> (Robert Half\/StepStone).<\/li>\n<\/ul>\n<p><img decoding=\"async\" class=\"aligncenter size-large wp-image-6314\" src=\"https:\/\/ralf100m.de\/wp-content\/uploads\/2025\/08\/gehaelter_finanzbuchhalter_roberthalf2025-1024x683.png\" alt=\"\" width=\"1024\" height=\"683\" srcset=\"https:\/\/ralf100m.de\/wp-content\/uploads\/2025\/08\/gehaelter_finanzbuchhalter_roberthalf2025-1024x683.png 1024w, https:\/\/ralf100m.de\/wp-content\/uploads\/2025\/08\/gehaelter_finanzbuchhalter_roberthalf2025-300x200.png 300w, https:\/\/ralf100m.de\/wp-content\/uploads\/2025\/08\/gehaelter_finanzbuchhalter_roberthalf2025-768x512.png 768w, https:\/\/ralf100m.de\/wp-content\/uploads\/2025\/08\/gehaelter_finanzbuchhalter_roberthalf2025-18x12.png 18w, https:\/\/ralf100m.de\/wp-content\/uploads\/2025\/08\/gehaelter_finanzbuchhalter_roberthalf2025-600x400.png 600w, https:\/\/ralf100m.de\/wp-content\/uploads\/2025\/08\/gehaelter_finanzbuchhalter_roberthalf2025.png 1200w\" sizes=\"(max-width: 1024px) 100vw, 1024px\" \/><\/p>\n<p><small>D\u00e9duction : 39,6 T\u20ac par an (m\u00e9diane StepStone comptable:in) correspond en gros \u00e0 ~19 \u20ac\/h pour 40 h\/semaine ; m\u00e9diane RF comptable financier 55,25 T\u20ac \u2248 ~27 \u20ac\/h ; quartile sup\u00e9rieur ~69,25 T\u20ac \u2248 ~33 \u20ac\/h. Les taux r\u00e9els varient selon la r\u00e9gion (par ex. Berlin vs. Munich), la taille de l'entreprise et les responsabilit\u00e9s.\u00a0<\/small><\/p>\n<h2>4 Candidats internationaux : La langue comme cl\u00e9<\/h2>\n<p>Notre pratique le montre : pour de nombreuses entreprises, les candidats qualifi\u00e9s venant de l'\u00e9tranger sont surtout employables lorsque <strong>au moins C1 allemand<\/strong> (profession) est v\u00e9rifiable - B2 ne suffit souvent pas pour la vie quotidienne en mati\u00e8re de communication, de r\u00e9partition des t\u00e2ches et de r\u00e9solution des probl\u00e8mes.<\/p>\n<ul>\n<li><strong>Chemin de la preuve :<\/strong> Cours de langue professionnelle du BAMF (DeuF\u00f6V) jusqu'au niveau C1, <em>telc allemand C1 professionnel<\/em>, <em>Certificat Goethe C1<\/em>.<\/li>\n<\/ul>\n<p>&nbsp;<\/p>\n<p><img decoding=\"async\" class=\"aligncenter size-large wp-image-6311\" src=\"https:\/\/ralf100m.de\/wp-content\/uploads\/2025\/08\/pexels-yankrukov-8837371-1024x683.jpg\" alt=\"\" width=\"1024\" height=\"683\" srcset=\"https:\/\/ralf100m.de\/wp-content\/uploads\/2025\/08\/pexels-yankrukov-8837371-1024x683.jpg 1024w, https:\/\/ralf100m.de\/wp-content\/uploads\/2025\/08\/pexels-yankrukov-8837371-300x200.jpg 300w, https:\/\/ralf100m.de\/wp-content\/uploads\/2025\/08\/pexels-yankrukov-8837371-768x512.jpg 768w, https:\/\/ralf100m.de\/wp-content\/uploads\/2025\/08\/pexels-yankrukov-8837371-1536x1024.jpg 1536w, https:\/\/ralf100m.de\/wp-content\/uploads\/2025\/08\/pexels-yankrukov-8837371-2048x1365.jpg 2048w, https:\/\/ralf100m.de\/wp-content\/uploads\/2025\/08\/pexels-yankrukov-8837371-18x12.jpg 18w, https:\/\/ralf100m.de\/wp-content\/uploads\/2025\/08\/pexels-yankrukov-8837371-600x400.jpg 600w, https:\/\/ralf100m.de\/wp-content\/uploads\/2025\/08\/pexels-yankrukov-8837371-scaled.jpg 2560w\" sizes=\"(max-width: 1024px) 100vw, 1024px\" \/><\/p>\n<p>&nbsp;<\/p>\n<h2>5 Comment marquer des points<\/h2>\n<ul>\n<li><strong>Pratique &amp; outils :<\/strong> Utilisation s\u00fbre de <strong>DATEV<\/strong> &amp; <strong>Lexware<\/strong>, flux de documents num\u00e9riques, rapprochements.<\/li>\n<li><strong>Communication :<\/strong> Protocoles, mails, demandes de pr\u00e9cisions - id\u00e9alement au niveau C1 (professionnel).<\/li>\n<li><strong>Des cadres r\u00e9alistes :<\/strong> Pr\u00e9sence, argumentaire salarial solide avec une valeur ajout\u00e9e d\u00e9montrable.<\/li>\n<\/ul>\n<hr \/>\n<h2>Notre avantage - votre booster de carri\u00e8re<\/h2>\n<p>Notre site <strong>Formation compl\u00e8te<\/strong> associe la th\u00e9orie (<em>Comptabilit\u00e9 financi\u00e8re de A \u00e0 Z<\/em>), <strong>Pratique DATEV\/Lexware<\/strong> et un <strong>Stage de comptabilit\u00e9 en ligne<\/strong>. En option : coaching sur la candidature, l'entretien &amp; l'argumentation salariale ainsi que (si n\u00e9cessaire) <em>\"Allemand de la comptabilit\u00e9\"<\/em> comme add-on en direction de C1.<\/p>\n<p>&nbsp;<\/p>\n<p><a style=\"background: #0b6fb8; color: #fff; padding: 10px 14px; border-radius: 4px; text-decoration: none;\" href=\"https:\/\/ralf100m.de\/fr\/produit\/5614-4p\/\">Voir les d\u00e9tails du cours maintenant<\/a><\/p>","protected":false},"excerpt":{"rendered":"<p>\"Pourquoi le march\u00e9 de l'emploi pour les comptables s'est transform\u00e9 en march\u00e9 des employeurs - et comment des connaissances pratiques et logicielles cibl\u00e9es permettent d\u00e9sormais de prendre l'avantage en termes de carri\u00e8re\".<\/p>","protected":false},"author":3,"featured_media":6314,"comment_status":"closed","ping_status":"closed","sticky":false,"template":"","format":"standard","meta":{"footnotes":""},"categories":[105,101],"tags":[],"class_list":["post-6307","post","type-post","status-publish","format-standard","has-post-thumbnail","hentry","category-ausbildung","category-tipps"],"yoast_head":"<!-- This site is optimized with the Yoast SEO plugin v27.5 - https:\/\/yoast.com\/product\/yoast-seo-wordpress\/ -->\n<title>Vom Arbeitnehmer- zum Arbeitgebermarkt: Was sich f\u00fcr Buchhaltungskr\u00e4fte \u00e4ndert - Ralf 100M<\/title>\n<meta name=\"robots\" content=\"index, follow, max-snippet:-1, max-image-preview:large, max-video-preview:-1\" \/>\n<link rel=\"canonical\" href=\"https:\/\/ralf100m.de\/fr\/de-lemploye-au-marche-de-lemploi-ce-qui-change-pour-les-comptables\/\" \/>\n<meta property=\"og:locale\" content=\"fr_FR\" \/>\n<meta property=\"og:type\" content=\"article\" \/>\n<meta property=\"og:title\" content=\"Vom Arbeitnehmer- zum Arbeitgebermarkt: Was sich f\u00fcr Buchhaltungskr\u00e4fte \u00e4ndert - Ralf 100M\" \/>\n<meta property=\"og:description\" content=\"\u201eWarum sich der Arbeitsmarkt f\u00fcr Buchhaltungskr\u00e4fte zum Arbeitgebermarkt gewandelt hat \u2013 und wie gezielte Praxis- und Softwarekenntnisse jetzt den Karriere\u00advorsprung sichern.\u201c\" \/>\n<meta property=\"og:url\" content=\"https:\/\/ralf100m.de\/fr\/de-lemploye-au-marche-de-lemploi-ce-qui-change-pour-les-comptables\/\" \/>\n<meta property=\"og:site_name\" content=\"Ralf 100M\" \/>\n<meta property=\"article:published_time\" content=\"2025-08-11T13:15:15+00:00\" \/>\n<meta property=\"article:modified_time\" content=\"2025-08-11T13:30:32+00:00\" \/>\n<meta property=\"og:image\" content=\"https:\/\/ralf100m.de\/wp-content\/uploads\/2025\/08\/gehaelter_finanzbuchhalter_roberthalf2025.png\" \/>\n\t<meta property=\"og:image:width\" content=\"1200\" \/>\n\t<meta property=\"og:image:height\" content=\"800\" \/>\n\t<meta property=\"og:image:type\" content=\"image\/png\" \/>\n<meta name=\"author\" content=\"wpulitkus\" \/>\n<meta name=\"twitter:card\" content=\"summary_large_image\" \/>\n<meta name=\"twitter:label1\" content=\"\u00c9crit par\" \/>\n\t<meta name=\"twitter:data1\" content=\"wpulitkus\" \/>\n\t<meta name=\"twitter:label2\" content=\"Dur\u00e9e de lecture estim\u00e9e\" \/>\n\t<meta name=\"twitter:data2\" content=\"4 minutes\" \/>\n<script type=\"application\/ld+json\" class=\"yoast-schema-graph\">{\"@context\":\"https:\\\/\\\/schema.org\",\"@graph\":[{\"@type\":\"Article\",\"@id\":\"https:\\\/\\\/ralf100m.de\\\/vom-arbeitnehmer-zum-arbeitgebermarkt-was-sich-fuer-buchhaltungskraefte-aendert\\\/#article\",\"isPartOf\":{\"@id\":\"https:\\\/\\\/ralf100m.de\\\/vom-arbeitnehmer-zum-arbeitgebermarkt-was-sich-fuer-buchhaltungskraefte-aendert\\\/\"},\"author\":{\"name\":\"wpulitkus\",\"@id\":\"https:\\\/\\\/ralf100m.de\\\/#\\\/schema\\\/person\\\/144d88d0c18fb8f5e6bd155752132c23\"},\"headline\":\"Vom Arbeitnehmer- zum Arbeitgebermarkt: Was sich f\u00fcr Buchhaltungskr\u00e4fte \u00e4ndert\",\"datePublished\":\"2025-08-11T13:15:15+00:00\",\"dateModified\":\"2025-08-11T13:30:32+00:00\",\"mainEntityOfPage\":{\"@id\":\"https:\\\/\\\/ralf100m.de\\\/vom-arbeitnehmer-zum-arbeitgebermarkt-was-sich-fuer-buchhaltungskraefte-aendert\\\/\"},\"wordCount\":445,\"publisher\":{\"@id\":\"https:\\\/\\\/ralf100m.de\\\/#\\\/schema\\\/person\\\/144d88d0c18fb8f5e6bd155752132c23\"},\"image\":{\"@id\":\"https:\\\/\\\/ralf100m.de\\\/vom-arbeitnehmer-zum-arbeitgebermarkt-was-sich-fuer-buchhaltungskraefte-aendert\\\/#primaryimage\"},\"thumbnailUrl\":\"https:\\\/\\\/ralf100m.de\\\/wp-content\\\/uploads\\\/2025\\\/08\\\/gehaelter_finanzbuchhalter_roberthalf2025.png\",\"articleSection\":[\"Ausbildung\",\"Tipps\"],\"inLanguage\":\"fr-FR\"},{\"@type\":\"WebPage\",\"@id\":\"https:\\\/\\\/ralf100m.de\\\/vom-arbeitnehmer-zum-arbeitgebermarkt-was-sich-fuer-buchhaltungskraefte-aendert\\\/\",\"url\":\"https:\\\/\\\/ralf100m.de\\\/vom-arbeitnehmer-zum-arbeitgebermarkt-was-sich-fuer-buchhaltungskraefte-aendert\\\/\",\"name\":\"Vom Arbeitnehmer- zum Arbeitgebermarkt: Was sich f\u00fcr Buchhaltungskr\u00e4fte \u00e4ndert - Ralf 100M\",\"isPartOf\":{\"@id\":\"https:\\\/\\\/ralf100m.de\\\/#website\"},\"primaryImageOfPage\":{\"@id\":\"https:\\\/\\\/ralf100m.de\\\/vom-arbeitnehmer-zum-arbeitgebermarkt-was-sich-fuer-buchhaltungskraefte-aendert\\\/#primaryimage\"},\"image\":{\"@id\":\"https:\\\/\\\/ralf100m.de\\\/vom-arbeitnehmer-zum-arbeitgebermarkt-was-sich-fuer-buchhaltungskraefte-aendert\\\/#primaryimage\"},\"thumbnailUrl\":\"https:\\\/\\\/ralf100m.de\\\/wp-content\\\/uploads\\\/2025\\\/08\\\/gehaelter_finanzbuchhalter_roberthalf2025.png\",\"datePublished\":\"2025-08-11T13:15:15+00:00\",\"dateModified\":\"2025-08-11T13:30:32+00:00\",\"breadcrumb\":{\"@id\":\"https:\\\/\\\/ralf100m.de\\\/vom-arbeitnehmer-zum-arbeitgebermarkt-was-sich-fuer-buchhaltungskraefte-aendert\\\/#breadcrumb\"},\"inLanguage\":\"fr-FR\",\"potentialAction\":[{\"@type\":\"ReadAction\",\"target\":[\"https:\\\/\\\/ralf100m.de\\\/vom-arbeitnehmer-zum-arbeitgebermarkt-was-sich-fuer-buchhaltungskraefte-aendert\\\/\"]}]},{\"@type\":\"ImageObject\",\"inLanguage\":\"fr-FR\",\"@id\":\"https:\\\/\\\/ralf100m.de\\\/vom-arbeitnehmer-zum-arbeitgebermarkt-was-sich-fuer-buchhaltungskraefte-aendert\\\/#primaryimage\",\"url\":\"https:\\\/\\\/ralf100m.de\\\/wp-content\\\/uploads\\\/2025\\\/08\\\/gehaelter_finanzbuchhalter_roberthalf2025.png\",\"contentUrl\":\"https:\\\/\\\/ralf100m.de\\\/wp-content\\\/uploads\\\/2025\\\/08\\\/gehaelter_finanzbuchhalter_roberthalf2025.png\",\"width\":1200,\"height\":800},{\"@type\":\"BreadcrumbList\",\"@id\":\"https:\\\/\\\/ralf100m.de\\\/vom-arbeitnehmer-zum-arbeitgebermarkt-was-sich-fuer-buchhaltungskraefte-aendert\\\/#breadcrumb\",\"itemListElement\":[{\"@type\":\"ListItem\",\"position\":1,\"name\":\"Startseite\",\"item\":\"https:\\\/\\\/ralf100m.de\\\/\"},{\"@type\":\"ListItem\",\"position\":2,\"name\":\"Vom Arbeitnehmer- zum Arbeitgebermarkt: Was sich f\u00fcr Buchhaltungskr\u00e4fte \u00e4ndert\"}]},{\"@type\":\"WebSite\",\"@id\":\"https:\\\/\\\/ralf100m.de\\\/#website\",\"url\":\"https:\\\/\\\/ralf100m.de\\\/\",\"name\":\"Ralf 100M\",\"description\":\"\",\"publisher\":{\"@id\":\"https:\\\/\\\/ralf100m.de\\\/#\\\/schema\\\/person\\\/144d88d0c18fb8f5e6bd155752132c23\"},\"potentialAction\":[{\"@type\":\"SearchAction\",\"target\":{\"@type\":\"EntryPoint\",\"urlTemplate\":\"https:\\\/\\\/ralf100m.de\\\/?s={search_term_string}\"},\"query-input\":{\"@type\":\"PropertyValueSpecification\",\"valueRequired\":true,\"valueName\":\"search_term_string\"}}],\"inLanguage\":\"fr-FR\"},{\"@type\":[\"Person\",\"Organization\"],\"@id\":\"https:\\\/\\\/ralf100m.de\\\/#\\\/schema\\\/person\\\/144d88d0c18fb8f5e6bd155752132c23\",\"name\":\"wpulitkus\",\"image\":{\"@type\":\"ImageObject\",\"inLanguage\":\"fr-FR\",\"@id\":\"https:\\\/\\\/ralf100m.de\\\/wp-content\\\/uploads\\\/2023\\\/04\\\/ralf-200px-logo.jpg\",\"url\":\"https:\\\/\\\/ralf100m.de\\\/wp-content\\\/uploads\\\/2023\\\/04\\\/ralf-200px-logo.jpg\",\"contentUrl\":\"https:\\\/\\\/ralf100m.de\\\/wp-content\\\/uploads\\\/2023\\\/04\\\/ralf-200px-logo.jpg\",\"width\":400,\"height\":162,\"caption\":\"wpulitkus\"},\"logo\":{\"@id\":\"https:\\\/\\\/ralf100m.de\\\/wp-content\\\/uploads\\\/2023\\\/04\\\/ralf-200px-logo.jpg\"}}]}<\/script>\n<!-- \/ Yoast SEO plugin. -->","yoast_head_json":{"title":"Du march\u00e9 des employ\u00e9s \u00e0 celui des employeurs : ce qui change pour les comptables - Ralf 100M","robots":{"index":"index","follow":"follow","max-snippet":"max-snippet:-1","max-image-preview":"max-image-preview:large","max-video-preview":"max-video-preview:-1"},"canonical":"https:\/\/ralf100m.de\/fr\/de-lemploye-au-marche-de-lemploi-ce-qui-change-pour-les-comptables\/","og_locale":"fr_FR","og_type":"article","og_title":"Vom Arbeitnehmer- zum Arbeitgebermarkt: Was sich f\u00fcr Buchhaltungskr\u00e4fte \u00e4ndert - Ralf 100M","og_description":"\u201eWarum sich der Arbeitsmarkt f\u00fcr Buchhaltungskr\u00e4fte zum Arbeitgebermarkt gewandelt hat \u2013 und wie gezielte Praxis- und Softwarekenntnisse jetzt den Karriere\u00advorsprung sichern.\u201c","og_url":"https:\/\/ralf100m.de\/fr\/de-lemploye-au-marche-de-lemploi-ce-qui-change-pour-les-comptables\/","og_site_name":"Ralf 100M","article_published_time":"2025-08-11T13:15:15+00:00","article_modified_time":"2025-08-11T13:30:32+00:00","og_image":[{"width":1200,"height":800,"url":"https:\/\/ralf100m.de\/wp-content\/uploads\/2025\/08\/gehaelter_finanzbuchhalter_roberthalf2025.png","type":"image\/png"}],"author":"wpulitkus","twitter_card":"summary_large_image","twitter_misc":{"\u00c9crit par":"wpulitkus","Dur\u00e9e de lecture estim\u00e9e":"4 minutes"},"schema":{"@context":"https:\/\/schema.org","@graph":[{"@type":"Article","@id":"https:\/\/ralf100m.de\/vom-arbeitnehmer-zum-arbeitgebermarkt-was-sich-fuer-buchhaltungskraefte-aendert\/#article","isPartOf":{"@id":"https:\/\/ralf100m.de\/vom-arbeitnehmer-zum-arbeitgebermarkt-was-sich-fuer-buchhaltungskraefte-aendert\/"},"author":{"name":"wpulitkus","@id":"https:\/\/ralf100m.de\/#\/schema\/person\/144d88d0c18fb8f5e6bd155752132c23"},"headline":"Vom Arbeitnehmer- zum Arbeitgebermarkt: Was sich f\u00fcr Buchhaltungskr\u00e4fte \u00e4ndert","datePublished":"2025-08-11T13:15:15+00:00","dateModified":"2025-08-11T13:30:32+00:00","mainEntityOfPage":{"@id":"https:\/\/ralf100m.de\/vom-arbeitnehmer-zum-arbeitgebermarkt-was-sich-fuer-buchhaltungskraefte-aendert\/"},"wordCount":445,"publisher":{"@id":"https:\/\/ralf100m.de\/#\/schema\/person\/144d88d0c18fb8f5e6bd155752132c23"},"image":{"@id":"https:\/\/ralf100m.de\/vom-arbeitnehmer-zum-arbeitgebermarkt-was-sich-fuer-buchhaltungskraefte-aendert\/#primaryimage"},"thumbnailUrl":"https:\/\/ralf100m.de\/wp-content\/uploads\/2025\/08\/gehaelter_finanzbuchhalter_roberthalf2025.png","articleSection":["Ausbildung","Tipps"],"inLanguage":"fr-FR"},{"@type":"WebPage","@id":"https:\/\/ralf100m.de\/vom-arbeitnehmer-zum-arbeitgebermarkt-was-sich-fuer-buchhaltungskraefte-aendert\/","url":"https:\/\/ralf100m.de\/vom-arbeitnehmer-zum-arbeitgebermarkt-was-sich-fuer-buchhaltungskraefte-aendert\/","name":"Du march\u00e9 des employ\u00e9s \u00e0 celui des employeurs : ce qui change pour les comptables - Ralf 100M","isPartOf":{"@id":"https:\/\/ralf100m.de\/#website"},"primaryImageOfPage":{"@id":"https:\/\/ralf100m.de\/vom-arbeitnehmer-zum-arbeitgebermarkt-was-sich-fuer-buchhaltungskraefte-aendert\/#primaryimage"},"image":{"@id":"https:\/\/ralf100m.de\/vom-arbeitnehmer-zum-arbeitgebermarkt-was-sich-fuer-buchhaltungskraefte-aendert\/#primaryimage"},"thumbnailUrl":"https:\/\/ralf100m.de\/wp-content\/uploads\/2025\/08\/gehaelter_finanzbuchhalter_roberthalf2025.png","datePublished":"2025-08-11T13:15:15+00:00","dateModified":"2025-08-11T13:30:32+00:00","breadcrumb":{"@id":"https:\/\/ralf100m.de\/vom-arbeitnehmer-zum-arbeitgebermarkt-was-sich-fuer-buchhaltungskraefte-aendert\/#breadcrumb"},"inLanguage":"fr-FR","potentialAction":[{"@type":"ReadAction","target":["https:\/\/ralf100m.de\/vom-arbeitnehmer-zum-arbeitgebermarkt-was-sich-fuer-buchhaltungskraefte-aendert\/"]}]},{"@type":"ImageObject","inLanguage":"fr-FR","@id":"https:\/\/ralf100m.de\/vom-arbeitnehmer-zum-arbeitgebermarkt-was-sich-fuer-buchhaltungskraefte-aendert\/#primaryimage","url":"https:\/\/ralf100m.de\/wp-content\/uploads\/2025\/08\/gehaelter_finanzbuchhalter_roberthalf2025.png","contentUrl":"https:\/\/ralf100m.de\/wp-content\/uploads\/2025\/08\/gehaelter_finanzbuchhalter_roberthalf2025.png","width":1200,"height":800},{"@type":"BreadcrumbList","@id":"https:\/\/ralf100m.de\/vom-arbeitnehmer-zum-arbeitgebermarkt-was-sich-fuer-buchhaltungskraefte-aendert\/#breadcrumb","itemListElement":[{"@type":"ListItem","position":1,"name":"Startseite","item":"https:\/\/ralf100m.de\/"},{"@type":"ListItem","position":2,"name":"Vom Arbeitnehmer- zum Arbeitgebermarkt: Was sich f\u00fcr Buchhaltungskr\u00e4fte \u00e4ndert"}]},{"@type":"WebSite","@id":"https:\/\/ralf100m.de\/#website","url":"https:\/\/ralf100m.de\/","name":"Ralf 100M","description":"","publisher":{"@id":"https:\/\/ralf100m.de\/#\/schema\/person\/144d88d0c18fb8f5e6bd155752132c23"},"potentialAction":[{"@type":"SearchAction","target":{"@type":"EntryPoint","urlTemplate":"https:\/\/ralf100m.de\/?s={search_term_string}"},"query-input":{"@type":"PropertyValueSpecification","valueRequired":true,"valueName":"search_term_string"}}],"inLanguage":"fr-FR"},{"@type":["Person","Organization"],"@id":"https:\/\/ralf100m.de\/#\/schema\/person\/144d88d0c18fb8f5e6bd155752132c23","name":"wpulitkus","image":{"@type":"ImageObject","inLanguage":"fr-FR","@id":"https:\/\/ralf100m.de\/wp-content\/uploads\/2023\/04\/ralf-200px-logo.jpg","url":"https:\/\/ralf100m.de\/wp-content\/uploads\/2023\/04\/ralf-200px-logo.jpg","contentUrl":"https:\/\/ralf100m.de\/wp-content\/uploads\/2023\/04\/ralf-200px-logo.jpg","width":400,"height":162,"caption":"wpulitkus"},"logo":{"@id":"https:\/\/ralf100m.de\/wp-content\/uploads\/2023\/04\/ralf-200px-logo.jpg"}}]}},"_links":{"self":[{"href":"https:\/\/ralf100m.de\/fr\/wp-json\/wp\/v2\/posts\/6307","targetHints":{"allow":["GET"]}}],"collection":[{"href":"https:\/\/ralf100m.de\/fr\/wp-json\/wp\/v2\/posts"}],"about":[{"href":"https:\/\/ralf100m.de\/fr\/wp-json\/wp\/v2\/types\/post"}],"author":[{"embeddable":true,"href":"https:\/\/ralf100m.de\/fr\/wp-json\/wp\/v2\/users\/3"}],"replies":[{"embeddable":true,"href":"https:\/\/ralf100m.de\/fr\/wp-json\/wp\/v2\/comments?post=6307"}],"version-history":[{"count":0,"href":"https:\/\/ralf100m.de\/fr\/wp-json\/wp\/v2\/posts\/6307\/revisions"}],"wp:featuredmedia":[{"embeddable":true,"href":"https:\/\/ralf100m.de\/fr\/wp-json\/wp\/v2\/media\/6314"}],"wp:attachment":[{"href":"https:\/\/ralf100m.de\/fr\/wp-json\/wp\/v2\/media?parent=6307"}],"wp:term":[{"taxonomy":"category","embeddable":true,"href":"https:\/\/ralf100m.de\/fr\/wp-json\/wp\/v2\/categories?post=6307"},{"taxonomy":"post_tag","embeddable":true,"href":"https:\/\/ralf100m.de\/fr\/wp-json\/wp\/v2\/tags?post=6307"}],"curies":[{"name":"wp","href":"https:\/\/api.w.org\/{rel}","templated":true}]}}