{"id":6307,"date":"2025-08-11T15:15:15","date_gmt":"2025-08-11T13:15:15","guid":{"rendered":"https:\/\/ralf100m.de\/?p=6307"},"modified":"2025-08-11T15:30:32","modified_gmt":"2025-08-11T13:30:32","slug":"do-mercado-de-trabalho-para-o-mercado-de-emprego-o-que-esta-a-mudar-para-os-contabilistas","status":"publish","type":"post","link":"https:\/\/ralf100m.de\/pt\/vom-arbeitnehmer-zum-arbeitgebermarkt-was-sich-fuer-buchhaltungskraefte-aendert\/","title":{"rendered":"Do mercado dos trabalhadores por conta de outrem ao mercado dos empregadores: o que est\u00e1 a mudar para os contabilistas"},"content":{"rendered":"<p>Nas nossas discuss\u00f5es regulares com o nosso parceiro de coopera\u00e7\u00e3o Robert Half, analisamos os desenvolvimentos actuais no mercado de trabalho para contabilistas.<\/p>\n<p>A \u00faltima avalia\u00e7\u00e3o deixa claro que a idade de ouro do mercado de trabalho terminou - os empregadores est\u00e3o agora a fazer escolhas mais direcionadas, concentrando-se na \"combina\u00e7\u00e3o perfeita\" e prestando mais aten\u00e7\u00e3o \u00e0s compet\u00eancias pr\u00e1ticas e de software.<\/p>\n<p>Leia aqui o que isto significa para os contabilistas em in\u00edcio de carreira e para os contabilistas experientes e como se posicionar da melhor forma agora.<\/p>\n<p><em>(Fonte de informa\u00e7\u00e3o: Entrevista\/avalia\u00e7\u00e3o do mercado, em agosto de 2025)<\/em><\/p>\n<p><img decoding=\"async\" class=\"aligncenter size-large wp-image-6309\" src=\"https:\/\/ralf100m.de\/wp-content\/uploads\/2025\/08\/pexels-bia-limova-1908542654-33175669-1024x683.jpg\" alt=\"\" width=\"1024\" height=\"683\" srcset=\"https:\/\/ralf100m.de\/wp-content\/uploads\/2025\/08\/pexels-bia-limova-1908542654-33175669-1024x683.jpg 1024w, https:\/\/ralf100m.de\/wp-content\/uploads\/2025\/08\/pexels-bia-limova-1908542654-33175669-300x200.jpg 300w, https:\/\/ralf100m.de\/wp-content\/uploads\/2025\/08\/pexels-bia-limova-1908542654-33175669-768x512.jpg 768w, https:\/\/ralf100m.de\/wp-content\/uploads\/2025\/08\/pexels-bia-limova-1908542654-33175669-1536x1024.jpg 1536w, https:\/\/ralf100m.de\/wp-content\/uploads\/2025\/08\/pexels-bia-limova-1908542654-33175669-2048x1365.jpg 2048w, https:\/\/ralf100m.de\/wp-content\/uploads\/2025\/08\/pexels-bia-limova-1908542654-33175669-18x12.jpg 18w, https:\/\/ralf100m.de\/wp-content\/uploads\/2025\/08\/pexels-bia-limova-1908542654-33175669-600x400.jpg 600w, https:\/\/ralf100m.de\/wp-content\/uploads\/2025\/08\/pexels-bia-limova-1908542654-33175669-scaled.jpg 2560w\" sizes=\"(max-width: 1024px) 100vw, 1024px\" \/><\/p>\n<p>H\u00e1 apenas alguns anos, muitos trabalhadores qualificados na <strong>Contabilidade financeira<\/strong> escolher o seu emprego quase livremente. Atualmente, o mercado est\u00e1 claramente orientado para <strong>Mercado dos empregadores<\/strong> adiado:<\/p>\n<p>As empresas est\u00e3o a fazer escolhas mais direcionadas, a maturidade pr\u00e1tica e as compet\u00eancias transversais contam mais do que a teoria pura. (Partner-Insight Robert Half)<\/p>\n<h2>1 Os empregadores escolhem mais especificamente<\/h2>\n<p>Na sequ\u00eancia de insolv\u00eancias e reorganiza\u00e7\u00f5es, h\u00e1 mais perfis qualificados para escolher - o <em>Combina\u00e7\u00e3o perfeita<\/em> decide. A experi\u00eancia pr\u00e1tica com ferramentas comuns (DATEV, Lexware), a dilig\u00eancia, a rapidez e a comunica\u00e7\u00e3o em equipa s\u00e3o crit\u00e9rios de sele\u00e7\u00e3o tang\u00edveis.<\/p>\n<p>Este objetivo \u00e9 sustentado pelas actuais panor\u00e2micas salariais e de recrutamento.<\/p>\n<h2>2 Escrit\u00f3rio em casa: n\u00edvel elevado, mas a presen\u00e7a volta a ser mais importante<\/h2>\n<p>Trabalhar a partir de casa continua a ser muito mais comum do que em 2019, mas muitas empresas est\u00e3o a reduzir os modelos puramente remotos e esperam v\u00e1rios dias de presen\u00e7a.<\/p>\n<p>Destatis indica <strong>24,1 %<\/strong> Utiliza\u00e7\u00e3o do escrit\u00f3rio em casa em 2024 a partir de (2019: <strong>12,9 %<\/strong>).<\/p>\n<p>&nbsp;<\/p>\n<p><img decoding=\"async\" class=\"aligncenter size-large wp-image-6313\" src=\"https:\/\/ralf100m.de\/wp-content\/uploads\/2025\/08\/homeoffice_de_2019_2024_destatis-1024x683.png\" alt=\"\" width=\"1024\" height=\"683\" srcset=\"https:\/\/ralf100m.de\/wp-content\/uploads\/2025\/08\/homeoffice_de_2019_2024_destatis-1024x683.png 1024w, https:\/\/ralf100m.de\/wp-content\/uploads\/2025\/08\/homeoffice_de_2019_2024_destatis-300x200.png 300w, https:\/\/ralf100m.de\/wp-content\/uploads\/2025\/08\/homeoffice_de_2019_2024_destatis-768x512.png 768w, https:\/\/ralf100m.de\/wp-content\/uploads\/2025\/08\/homeoffice_de_2019_2024_destatis-18x12.png 18w, https:\/\/ralf100m.de\/wp-content\/uploads\/2025\/08\/homeoffice_de_2019_2024_destatis-600x400.png 600w, https:\/\/ralf100m.de\/wp-content\/uploads\/2025\/08\/homeoffice_de_2019_2024_destatis.png 1200w\" sizes=\"(max-width: 1024px) 100vw, 1024px\" \/><\/p>\n<p><small>Fonte: Servi\u00e7o Federal de Estat\u00edstica (Destatis), \"Pessoas empregadas que trabalham a partir de casa\" (recupera\u00e7\u00e3o 2025).<\/small><\/p>\n<h2>3 Sal\u00e1rios e taxas hor\u00e1rias: Orienta\u00e7\u00e3o 2025<\/h2>\n<ul>\n<li><strong>Observa\u00e7\u00e3o do mercado (vis\u00e3o do parceiro):<\/strong> Iniciadores de carreira aprox. <strong>15-17 \u20ac\/h<\/strong>com experi\u00eancia profissional relevante de <strong>18 \u20ac\/h<\/strong>consoante o n\u00edvel, at\u00e9 aprox. <strong>30-35 \u20ac\/h<\/strong>.<\/li>\n<li><strong>Refer\u00eancias externas (sal\u00e1rios anuais):<\/strong> Os intervalos medianos para as fun\u00e7\u00f5es de contabilidade (dependendo da regi\u00e3o\/tamanho) est\u00e3o aproximadamente entre ~<strong>39-55 T\u20ac<\/strong>n\u00edveis superiores (contabilidade do balan\u00e7o) at\u00e9 ~<strong>70-88 T\u20ac<\/strong> (Robert Half\/StepStone).<\/li>\n<\/ul>\n<p><img decoding=\"async\" class=\"aligncenter size-large wp-image-6314\" src=\"https:\/\/ralf100m.de\/wp-content\/uploads\/2025\/08\/gehaelter_finanzbuchhalter_roberthalf2025-1024x683.png\" alt=\"\" width=\"1024\" height=\"683\" srcset=\"https:\/\/ralf100m.de\/wp-content\/uploads\/2025\/08\/gehaelter_finanzbuchhalter_roberthalf2025-1024x683.png 1024w, https:\/\/ralf100m.de\/wp-content\/uploads\/2025\/08\/gehaelter_finanzbuchhalter_roberthalf2025-300x200.png 300w, https:\/\/ralf100m.de\/wp-content\/uploads\/2025\/08\/gehaelter_finanzbuchhalter_roberthalf2025-768x512.png 768w, https:\/\/ralf100m.de\/wp-content\/uploads\/2025\/08\/gehaelter_finanzbuchhalter_roberthalf2025-18x12.png 18w, https:\/\/ralf100m.de\/wp-content\/uploads\/2025\/08\/gehaelter_finanzbuchhalter_roberthalf2025-600x400.png 600w, https:\/\/ralf100m.de\/wp-content\/uploads\/2025\/08\/gehaelter_finanzbuchhalter_roberthalf2025.png 1200w\" sizes=\"(max-width: 1024px) 100vw, 1024px\" \/><\/p>\n<p><small>Deriva\u00e7\u00e3o: 39,6 mil euros por ano (StepStone median accountant:in) corresponde aproximadamente a ~19 euros\/h a 40 horas\/semana; RF median financial accountant 55,25 mil euros \u2248 ~27 euros\/h; quartil superior ~69,25 mil euros \u2248 ~33 euros\/h. As taxas reais variam consoante a regi\u00e3o (por exemplo, Berlim vs. Munique), a dimens\u00e3o da empresa e a responsabilidade.\u00a0<\/small><\/p>\n<h2>4 Candidatos internacionais: A l\u00edngua \u00e9 a chave<\/h2>\n<p>A nossa experi\u00eancia mostra que os candidatos qualificados do estrangeiro s\u00e3o particularmente adequados para muitas empresas se <strong>pelo menos C1 alem\u00e3o<\/strong> (B2 \u00e9 frequentemente insuficiente para a comunica\u00e7\u00e3o quotidiana, a atribui\u00e7\u00e3o de tarefas e a resolu\u00e7\u00e3o de problemas.<\/p>\n<ul>\n<li><strong>Caminho para a prova:<\/strong> Cursos de l\u00ednguas profissionais da BAMF (DeuF\u00f6V) at\u00e9 C1, <em>telc Deutsch C1 Beruf<\/em>, <em>Certificado Goethe C1<\/em>.<\/li>\n<\/ul>\n<p>&nbsp;<\/p>\n<p><img decoding=\"async\" class=\"aligncenter size-large wp-image-6311\" src=\"https:\/\/ralf100m.de\/wp-content\/uploads\/2025\/08\/pexels-yankrukov-8837371-1024x683.jpg\" alt=\"\" width=\"1024\" height=\"683\" srcset=\"https:\/\/ralf100m.de\/wp-content\/uploads\/2025\/08\/pexels-yankrukov-8837371-1024x683.jpg 1024w, https:\/\/ralf100m.de\/wp-content\/uploads\/2025\/08\/pexels-yankrukov-8837371-300x200.jpg 300w, https:\/\/ralf100m.de\/wp-content\/uploads\/2025\/08\/pexels-yankrukov-8837371-768x512.jpg 768w, https:\/\/ralf100m.de\/wp-content\/uploads\/2025\/08\/pexels-yankrukov-8837371-1536x1024.jpg 1536w, https:\/\/ralf100m.de\/wp-content\/uploads\/2025\/08\/pexels-yankrukov-8837371-2048x1365.jpg 2048w, https:\/\/ralf100m.de\/wp-content\/uploads\/2025\/08\/pexels-yankrukov-8837371-18x12.jpg 18w, https:\/\/ralf100m.de\/wp-content\/uploads\/2025\/08\/pexels-yankrukov-8837371-600x400.jpg 600w, https:\/\/ralf100m.de\/wp-content\/uploads\/2025\/08\/pexels-yankrukov-8837371-scaled.jpg 2560w\" sizes=\"(max-width: 1024px) 100vw, 1024px\" \/><\/p>\n<p>&nbsp;<\/p>\n<h2>5 Como os candidatos obt\u00eam pontos atualmente<\/h2>\n<ul>\n<li><strong>Pr\u00e1ticas e ferramentas:<\/strong> Manuseamento seguro de <strong>DATEV<\/strong> &amp; <strong>Lexware<\/strong>fluxo de documentos digitais, reconcilia\u00e7\u00f5es.<\/li>\n<li><strong>Comunica\u00e7\u00e3o:<\/strong> Actas, e-mails, pedidos de informa\u00e7\u00e3o - de prefer\u00eancia ao n\u00edvel C1 (profissional).<\/li>\n<li><strong>Molduras realistas:<\/strong> Disponibilidade para estar presente, argumenta\u00e7\u00e3o salarial s\u00f3lida com valor acrescentado verific\u00e1vel.<\/li>\n<\/ul>\n<hr \/>\n<h2>A nossa vantagem - o seu impulsionador de carreira<\/h2>\n<p>O nosso <strong>Forma\u00e7\u00e3o completa<\/strong> combina a teoria (<em>Contabilidade financeira de A a Z<\/em>), <strong>Pr\u00e1tica DATEV\/Lexware<\/strong> e um <strong>Est\u00e1gio de contabilidade em linha<\/strong>. Opcional: Coaching sobre candidatura, entrevista e argumenta\u00e7\u00e3o salarial, bem como (se necess\u00e1rio) <em>\"Alem\u00e3o contabil\u00edstico\"<\/em> como complemento na dire\u00e7\u00e3o de C1.<\/p>\n<p>&nbsp;<\/p>\n<p><a style=\"background: #0b6fb8; color: #fff; padding: 10px 14px; border-radius: 4px; text-decoration: none;\" href=\"https:\/\/ralf100m.de\/pt\/produto\/5614-4p\/\">Ver detalhes do curso agora<\/a><\/p>","protected":false},"excerpt":{"rendered":"<p>\"Porque \u00e9 que o mercado de trabalho dos contabilistas se transformou num mercado de empregadores - e como as compet\u00eancias pr\u00e1ticas e de software espec\u00edficas garantem agora uma vantagem na carreira.\"<\/p>","protected":false},"author":3,"featured_media":6314,"comment_status":"closed","ping_status":"closed","sticky":false,"template":"","format":"standard","meta":{"footnotes":""},"categories":[105,101],"tags":[],"class_list":["post-6307","post","type-post","status-publish","format-standard","has-post-thumbnail","hentry","category-ausbildung","category-tipps"],"yoast_head":"<!-- This site is optimized with the Yoast SEO plugin v27.5 - https:\/\/yoast.com\/product\/yoast-seo-wordpress\/ -->\n<title>Vom Arbeitnehmer- zum Arbeitgebermarkt: Was sich f\u00fcr Buchhaltungskr\u00e4fte \u00e4ndert - Ralf 100M<\/title>\n<meta name=\"robots\" content=\"index, follow, max-snippet:-1, max-image-preview:large, max-video-preview:-1\" \/>\n<link rel=\"canonical\" href=\"https:\/\/ralf100m.de\/pt\/do-mercado-de-trabalho-para-o-mercado-de-emprego-o-que-esta-a-mudar-para-os-contabilistas\/\" \/>\n<meta property=\"og:locale\" content=\"pt_PT\" \/>\n<meta property=\"og:type\" content=\"article\" \/>\n<meta property=\"og:title\" content=\"Vom Arbeitnehmer- zum Arbeitgebermarkt: Was sich f\u00fcr Buchhaltungskr\u00e4fte \u00e4ndert - Ralf 100M\" \/>\n<meta property=\"og:description\" content=\"\u201eWarum sich der Arbeitsmarkt f\u00fcr Buchhaltungskr\u00e4fte zum Arbeitgebermarkt gewandelt hat \u2013 und wie gezielte Praxis- und Softwarekenntnisse jetzt den Karriere\u00advorsprung sichern.\u201c\" \/>\n<meta property=\"og:url\" content=\"https:\/\/ralf100m.de\/pt\/do-mercado-de-trabalho-para-o-mercado-de-emprego-o-que-esta-a-mudar-para-os-contabilistas\/\" \/>\n<meta property=\"og:site_name\" content=\"Ralf 100M\" \/>\n<meta property=\"article:published_time\" content=\"2025-08-11T13:15:15+00:00\" \/>\n<meta property=\"article:modified_time\" content=\"2025-08-11T13:30:32+00:00\" \/>\n<meta property=\"og:image\" content=\"https:\/\/ralf100m.de\/wp-content\/uploads\/2025\/08\/gehaelter_finanzbuchhalter_roberthalf2025.png\" \/>\n\t<meta property=\"og:image:width\" content=\"1200\" \/>\n\t<meta property=\"og:image:height\" content=\"800\" \/>\n\t<meta property=\"og:image:type\" content=\"image\/png\" \/>\n<meta name=\"author\" content=\"wpulitkus\" \/>\n<meta name=\"twitter:card\" content=\"summary_large_image\" \/>\n<meta name=\"twitter:label1\" content=\"Written by\" \/>\n\t<meta name=\"twitter:data1\" content=\"wpulitkus\" \/>\n\t<meta name=\"twitter:label2\" content=\"Est. reading time\" \/>\n\t<meta name=\"twitter:data2\" content=\"4 minutos\" \/>\n<script type=\"application\/ld+json\" class=\"yoast-schema-graph\">{\"@context\":\"https:\\\/\\\/schema.org\",\"@graph\":[{\"@type\":\"Article\",\"@id\":\"https:\\\/\\\/ralf100m.de\\\/vom-arbeitnehmer-zum-arbeitgebermarkt-was-sich-fuer-buchhaltungskraefte-aendert\\\/#article\",\"isPartOf\":{\"@id\":\"https:\\\/\\\/ralf100m.de\\\/vom-arbeitnehmer-zum-arbeitgebermarkt-was-sich-fuer-buchhaltungskraefte-aendert\\\/\"},\"author\":{\"name\":\"wpulitkus\",\"@id\":\"https:\\\/\\\/ralf100m.de\\\/#\\\/schema\\\/person\\\/144d88d0c18fb8f5e6bd155752132c23\"},\"headline\":\"Vom Arbeitnehmer- zum Arbeitgebermarkt: Was sich f\u00fcr Buchhaltungskr\u00e4fte \u00e4ndert\",\"datePublished\":\"2025-08-11T13:15:15+00:00\",\"dateModified\":\"2025-08-11T13:30:32+00:00\",\"mainEntityOfPage\":{\"@id\":\"https:\\\/\\\/ralf100m.de\\\/vom-arbeitnehmer-zum-arbeitgebermarkt-was-sich-fuer-buchhaltungskraefte-aendert\\\/\"},\"wordCount\":445,\"publisher\":{\"@id\":\"https:\\\/\\\/ralf100m.de\\\/#\\\/schema\\\/person\\\/144d88d0c18fb8f5e6bd155752132c23\"},\"image\":{\"@id\":\"https:\\\/\\\/ralf100m.de\\\/vom-arbeitnehmer-zum-arbeitgebermarkt-was-sich-fuer-buchhaltungskraefte-aendert\\\/#primaryimage\"},\"thumbnailUrl\":\"https:\\\/\\\/ralf100m.de\\\/wp-content\\\/uploads\\\/2025\\\/08\\\/gehaelter_finanzbuchhalter_roberthalf2025.png\",\"articleSection\":[\"Ausbildung\",\"Tipps\"],\"inLanguage\":\"pt-PT\"},{\"@type\":\"WebPage\",\"@id\":\"https:\\\/\\\/ralf100m.de\\\/vom-arbeitnehmer-zum-arbeitgebermarkt-was-sich-fuer-buchhaltungskraefte-aendert\\\/\",\"url\":\"https:\\\/\\\/ralf100m.de\\\/vom-arbeitnehmer-zum-arbeitgebermarkt-was-sich-fuer-buchhaltungskraefte-aendert\\\/\",\"name\":\"Vom Arbeitnehmer- zum Arbeitgebermarkt: Was sich f\u00fcr Buchhaltungskr\u00e4fte \u00e4ndert - Ralf 100M\",\"isPartOf\":{\"@id\":\"https:\\\/\\\/ralf100m.de\\\/#website\"},\"primaryImageOfPage\":{\"@id\":\"https:\\\/\\\/ralf100m.de\\\/vom-arbeitnehmer-zum-arbeitgebermarkt-was-sich-fuer-buchhaltungskraefte-aendert\\\/#primaryimage\"},\"image\":{\"@id\":\"https:\\\/\\\/ralf100m.de\\\/vom-arbeitnehmer-zum-arbeitgebermarkt-was-sich-fuer-buchhaltungskraefte-aendert\\\/#primaryimage\"},\"thumbnailUrl\":\"https:\\\/\\\/ralf100m.de\\\/wp-content\\\/uploads\\\/2025\\\/08\\\/gehaelter_finanzbuchhalter_roberthalf2025.png\",\"datePublished\":\"2025-08-11T13:15:15+00:00\",\"dateModified\":\"2025-08-11T13:30:32+00:00\",\"breadcrumb\":{\"@id\":\"https:\\\/\\\/ralf100m.de\\\/vom-arbeitnehmer-zum-arbeitgebermarkt-was-sich-fuer-buchhaltungskraefte-aendert\\\/#breadcrumb\"},\"inLanguage\":\"pt-PT\",\"potentialAction\":[{\"@type\":\"ReadAction\",\"target\":[\"https:\\\/\\\/ralf100m.de\\\/vom-arbeitnehmer-zum-arbeitgebermarkt-was-sich-fuer-buchhaltungskraefte-aendert\\\/\"]}]},{\"@type\":\"ImageObject\",\"inLanguage\":\"pt-PT\",\"@id\":\"https:\\\/\\\/ralf100m.de\\\/vom-arbeitnehmer-zum-arbeitgebermarkt-was-sich-fuer-buchhaltungskraefte-aendert\\\/#primaryimage\",\"url\":\"https:\\\/\\\/ralf100m.de\\\/wp-content\\\/uploads\\\/2025\\\/08\\\/gehaelter_finanzbuchhalter_roberthalf2025.png\",\"contentUrl\":\"https:\\\/\\\/ralf100m.de\\\/wp-content\\\/uploads\\\/2025\\\/08\\\/gehaelter_finanzbuchhalter_roberthalf2025.png\",\"width\":1200,\"height\":800},{\"@type\":\"BreadcrumbList\",\"@id\":\"https:\\\/\\\/ralf100m.de\\\/vom-arbeitnehmer-zum-arbeitgebermarkt-was-sich-fuer-buchhaltungskraefte-aendert\\\/#breadcrumb\",\"itemListElement\":[{\"@type\":\"ListItem\",\"position\":1,\"name\":\"Startseite\",\"item\":\"https:\\\/\\\/ralf100m.de\\\/\"},{\"@type\":\"ListItem\",\"position\":2,\"name\":\"Vom Arbeitnehmer- zum Arbeitgebermarkt: Was sich f\u00fcr Buchhaltungskr\u00e4fte \u00e4ndert\"}]},{\"@type\":\"WebSite\",\"@id\":\"https:\\\/\\\/ralf100m.de\\\/#website\",\"url\":\"https:\\\/\\\/ralf100m.de\\\/\",\"name\":\"Ralf 100M\",\"description\":\"\",\"publisher\":{\"@id\":\"https:\\\/\\\/ralf100m.de\\\/#\\\/schema\\\/person\\\/144d88d0c18fb8f5e6bd155752132c23\"},\"potentialAction\":[{\"@type\":\"SearchAction\",\"target\":{\"@type\":\"EntryPoint\",\"urlTemplate\":\"https:\\\/\\\/ralf100m.de\\\/?s={search_term_string}\"},\"query-input\":{\"@type\":\"PropertyValueSpecification\",\"valueRequired\":true,\"valueName\":\"search_term_string\"}}],\"inLanguage\":\"pt-PT\"},{\"@type\":[\"Person\",\"Organization\"],\"@id\":\"https:\\\/\\\/ralf100m.de\\\/#\\\/schema\\\/person\\\/144d88d0c18fb8f5e6bd155752132c23\",\"name\":\"wpulitkus\",\"image\":{\"@type\":\"ImageObject\",\"inLanguage\":\"pt-PT\",\"@id\":\"https:\\\/\\\/ralf100m.de\\\/wp-content\\\/uploads\\\/2023\\\/04\\\/ralf-200px-logo.jpg\",\"url\":\"https:\\\/\\\/ralf100m.de\\\/wp-content\\\/uploads\\\/2023\\\/04\\\/ralf-200px-logo.jpg\",\"contentUrl\":\"https:\\\/\\\/ralf100m.de\\\/wp-content\\\/uploads\\\/2023\\\/04\\\/ralf-200px-logo.jpg\",\"width\":400,\"height\":162,\"caption\":\"wpulitkus\"},\"logo\":{\"@id\":\"https:\\\/\\\/ralf100m.de\\\/wp-content\\\/uploads\\\/2023\\\/04\\\/ralf-200px-logo.jpg\"}}]}<\/script>\n<!-- \/ Yoast SEO plugin. -->","yoast_head_json":{"title":"Do mercado dos trabalhadores por conta de outrem ao mercado dos empregadores: o que est\u00e1 a mudar para os contabilistas - Ralf 100M","robots":{"index":"index","follow":"follow","max-snippet":"max-snippet:-1","max-image-preview":"max-image-preview:large","max-video-preview":"max-video-preview:-1"},"canonical":"https:\/\/ralf100m.de\/pt\/do-mercado-de-trabalho-para-o-mercado-de-emprego-o-que-esta-a-mudar-para-os-contabilistas\/","og_locale":"pt_PT","og_type":"article","og_title":"Vom Arbeitnehmer- zum Arbeitgebermarkt: Was sich f\u00fcr Buchhaltungskr\u00e4fte \u00e4ndert - Ralf 100M","og_description":"\u201eWarum sich der Arbeitsmarkt f\u00fcr Buchhaltungskr\u00e4fte zum Arbeitgebermarkt gewandelt hat \u2013 und wie gezielte Praxis- und Softwarekenntnisse jetzt den Karriere\u00advorsprung sichern.\u201c","og_url":"https:\/\/ralf100m.de\/pt\/do-mercado-de-trabalho-para-o-mercado-de-emprego-o-que-esta-a-mudar-para-os-contabilistas\/","og_site_name":"Ralf 100M","article_published_time":"2025-08-11T13:15:15+00:00","article_modified_time":"2025-08-11T13:30:32+00:00","og_image":[{"width":1200,"height":800,"url":"https:\/\/ralf100m.de\/wp-content\/uploads\/2025\/08\/gehaelter_finanzbuchhalter_roberthalf2025.png","type":"image\/png"}],"author":"wpulitkus","twitter_card":"summary_large_image","twitter_misc":{"Written by":"wpulitkus","Est. reading time":"4 minutos"},"schema":{"@context":"https:\/\/schema.org","@graph":[{"@type":"Article","@id":"https:\/\/ralf100m.de\/vom-arbeitnehmer-zum-arbeitgebermarkt-was-sich-fuer-buchhaltungskraefte-aendert\/#article","isPartOf":{"@id":"https:\/\/ralf100m.de\/vom-arbeitnehmer-zum-arbeitgebermarkt-was-sich-fuer-buchhaltungskraefte-aendert\/"},"author":{"name":"wpulitkus","@id":"https:\/\/ralf100m.de\/#\/schema\/person\/144d88d0c18fb8f5e6bd155752132c23"},"headline":"Vom Arbeitnehmer- zum Arbeitgebermarkt: Was sich f\u00fcr Buchhaltungskr\u00e4fte \u00e4ndert","datePublished":"2025-08-11T13:15:15+00:00","dateModified":"2025-08-11T13:30:32+00:00","mainEntityOfPage":{"@id":"https:\/\/ralf100m.de\/vom-arbeitnehmer-zum-arbeitgebermarkt-was-sich-fuer-buchhaltungskraefte-aendert\/"},"wordCount":445,"publisher":{"@id":"https:\/\/ralf100m.de\/#\/schema\/person\/144d88d0c18fb8f5e6bd155752132c23"},"image":{"@id":"https:\/\/ralf100m.de\/vom-arbeitnehmer-zum-arbeitgebermarkt-was-sich-fuer-buchhaltungskraefte-aendert\/#primaryimage"},"thumbnailUrl":"https:\/\/ralf100m.de\/wp-content\/uploads\/2025\/08\/gehaelter_finanzbuchhalter_roberthalf2025.png","articleSection":["Ausbildung","Tipps"],"inLanguage":"pt-PT"},{"@type":"WebPage","@id":"https:\/\/ralf100m.de\/vom-arbeitnehmer-zum-arbeitgebermarkt-was-sich-fuer-buchhaltungskraefte-aendert\/","url":"https:\/\/ralf100m.de\/vom-arbeitnehmer-zum-arbeitgebermarkt-was-sich-fuer-buchhaltungskraefte-aendert\/","name":"Do mercado dos trabalhadores por conta de outrem ao mercado dos empregadores: o que est\u00e1 a mudar para os contabilistas - Ralf 100M","isPartOf":{"@id":"https:\/\/ralf100m.de\/#website"},"primaryImageOfPage":{"@id":"https:\/\/ralf100m.de\/vom-arbeitnehmer-zum-arbeitgebermarkt-was-sich-fuer-buchhaltungskraefte-aendert\/#primaryimage"},"image":{"@id":"https:\/\/ralf100m.de\/vom-arbeitnehmer-zum-arbeitgebermarkt-was-sich-fuer-buchhaltungskraefte-aendert\/#primaryimage"},"thumbnailUrl":"https:\/\/ralf100m.de\/wp-content\/uploads\/2025\/08\/gehaelter_finanzbuchhalter_roberthalf2025.png","datePublished":"2025-08-11T13:15:15+00:00","dateModified":"2025-08-11T13:30:32+00:00","breadcrumb":{"@id":"https:\/\/ralf100m.de\/vom-arbeitnehmer-zum-arbeitgebermarkt-was-sich-fuer-buchhaltungskraefte-aendert\/#breadcrumb"},"inLanguage":"pt-PT","potentialAction":[{"@type":"ReadAction","target":["https:\/\/ralf100m.de\/vom-arbeitnehmer-zum-arbeitgebermarkt-was-sich-fuer-buchhaltungskraefte-aendert\/"]}]},{"@type":"ImageObject","inLanguage":"pt-PT","@id":"https:\/\/ralf100m.de\/vom-arbeitnehmer-zum-arbeitgebermarkt-was-sich-fuer-buchhaltungskraefte-aendert\/#primaryimage","url":"https:\/\/ralf100m.de\/wp-content\/uploads\/2025\/08\/gehaelter_finanzbuchhalter_roberthalf2025.png","contentUrl":"https:\/\/ralf100m.de\/wp-content\/uploads\/2025\/08\/gehaelter_finanzbuchhalter_roberthalf2025.png","width":1200,"height":800},{"@type":"BreadcrumbList","@id":"https:\/\/ralf100m.de\/vom-arbeitnehmer-zum-arbeitgebermarkt-was-sich-fuer-buchhaltungskraefte-aendert\/#breadcrumb","itemListElement":[{"@type":"ListItem","position":1,"name":"Startseite","item":"https:\/\/ralf100m.de\/"},{"@type":"ListItem","position":2,"name":"Vom Arbeitnehmer- zum Arbeitgebermarkt: Was sich f\u00fcr Buchhaltungskr\u00e4fte \u00e4ndert"}]},{"@type":"WebSite","@id":"https:\/\/ralf100m.de\/#website","url":"https:\/\/ralf100m.de\/","name":"Ralf 100M","description":"","publisher":{"@id":"https:\/\/ralf100m.de\/#\/schema\/person\/144d88d0c18fb8f5e6bd155752132c23"},"potentialAction":[{"@type":"SearchAction","target":{"@type":"EntryPoint","urlTemplate":"https:\/\/ralf100m.de\/?s={search_term_string}"},"query-input":{"@type":"PropertyValueSpecification","valueRequired":true,"valueName":"search_term_string"}}],"inLanguage":"pt-PT"},{"@type":["Person","Organization"],"@id":"https:\/\/ralf100m.de\/#\/schema\/person\/144d88d0c18fb8f5e6bd155752132c23","name":"wpulitcus","image":{"@type":"ImageObject","inLanguage":"pt-PT","@id":"https:\/\/ralf100m.de\/wp-content\/uploads\/2023\/04\/ralf-200px-logo.jpg","url":"https:\/\/ralf100m.de\/wp-content\/uploads\/2023\/04\/ralf-200px-logo.jpg","contentUrl":"https:\/\/ralf100m.de\/wp-content\/uploads\/2023\/04\/ralf-200px-logo.jpg","width":400,"height":162,"caption":"wpulitkus"},"logo":{"@id":"https:\/\/ralf100m.de\/wp-content\/uploads\/2023\/04\/ralf-200px-logo.jpg"}}]}},"_links":{"self":[{"href":"https:\/\/ralf100m.de\/pt\/wp-json\/wp\/v2\/posts\/6307","targetHints":{"allow":["GET"]}}],"collection":[{"href":"https:\/\/ralf100m.de\/pt\/wp-json\/wp\/v2\/posts"}],"about":[{"href":"https:\/\/ralf100m.de\/pt\/wp-json\/wp\/v2\/types\/post"}],"author":[{"embeddable":true,"href":"https:\/\/ralf100m.de\/pt\/wp-json\/wp\/v2\/users\/3"}],"replies":[{"embeddable":true,"href":"https:\/\/ralf100m.de\/pt\/wp-json\/wp\/v2\/comments?post=6307"}],"version-history":[{"count":0,"href":"https:\/\/ralf100m.de\/pt\/wp-json\/wp\/v2\/posts\/6307\/revisions"}],"wp:featuredmedia":[{"embeddable":true,"href":"https:\/\/ralf100m.de\/pt\/wp-json\/wp\/v2\/media\/6314"}],"wp:attachment":[{"href":"https:\/\/ralf100m.de\/pt\/wp-json\/wp\/v2\/media?parent=6307"}],"wp:term":[{"taxonomy":"category","embeddable":true,"href":"https:\/\/ralf100m.de\/pt\/wp-json\/wp\/v2\/categories?post=6307"},{"taxonomy":"post_tag","embeddable":true,"href":"https:\/\/ralf100m.de\/pt\/wp-json\/wp\/v2\/tags?post=6307"}],"curies":[{"name":"wp","href":"https:\/\/api.w.org\/{rel}","templated":true}]}}