{"id":6307,"date":"2025-08-11T15:15:15","date_gmt":"2025-08-11T13:15:15","guid":{"rendered":"https:\/\/ralf100m.de\/?p=6307"},"modified":"2025-08-11T15:30:32","modified_gmt":"2025-08-11T13:30:32","slug":"calisandan-i%cc%87sverene-pazar-muhasebeci%cc%87ler-i%cc%87ci%cc%87n-neler-degi%cc%87si%cc%87yor","status":"publish","type":"post","link":"https:\/\/ralf100m.de\/tr\/vom-arbeitnehmer-zum-arbeitgebermarkt-was-sich-fuer-buchhaltungskraefte-aendert\/","title":{"rendered":"\u00c7al\u0131\u015fan pazar\u0131ndan i\u015fveren pazar\u0131na: muhasebeciler i\u00e7in neler de\u011fi\u015fiyor?"},"content":{"rendered":"<p>\u0130\u015fbirli\u011fi orta\u011f\u0131m\u0131z Robert Half ile d\u00fczenli olarak ger\u00e7ekle\u015ftirdi\u011fimiz g\u00f6r\u00fc\u015fmelerde, muhasebeciler i\u00e7in i\u015fg\u00fcc\u00fc piyasas\u0131ndaki g\u00fcncel geli\u015fmelere g\u00f6z at\u0131yoruz.<\/p>\n<p>Son de\u011ferlendirme, i\u015fg\u00fcc\u00fc piyasas\u0131n\u0131n alt\u0131n \u00e7a\u011f\u0131n\u0131n sona erdi\u011fini a\u00e7\u0131k\u00e7a ortaya koyuyor - i\u015fverenler art\u0131k daha hedefe y\u00f6nelik se\u00e7imler yap\u0131yor, 'm\u00fckemmel e\u015fle\u015fmeye' odaklan\u0131yor ve pratik ve yaz\u0131l\u0131m becerilerine daha fazla \u00f6nem veriyor.<\/p>\n<p>Bunun kariyere yeni ba\u015flayanlar ve deneyimli muhasebeciler i\u00e7in ne anlama geldi\u011fini ve \u015fimdi kendinizi en iyi \u015fekilde nas\u0131l konumland\u0131raca\u011f\u0131n\u0131z\u0131 buradan okuyun.<\/p>\n<p><em>(Bilgi kayna\u011f\u0131: M\u00fclakat\/pazar de\u011ferlendirmesi, A\u011fustos 2025 itibar\u0131yla)<\/em><\/p>\n<p><img decoding=\"async\" class=\"aligncenter size-large wp-image-6309\" src=\"https:\/\/ralf100m.de\/wp-content\/uploads\/2025\/08\/pexels-bia-limova-1908542654-33175669-1024x683.jpg\" alt=\"\" width=\"1024\" height=\"683\" srcset=\"https:\/\/ralf100m.de\/wp-content\/uploads\/2025\/08\/pexels-bia-limova-1908542654-33175669-1024x683.jpg 1024w, https:\/\/ralf100m.de\/wp-content\/uploads\/2025\/08\/pexels-bia-limova-1908542654-33175669-300x200.jpg 300w, https:\/\/ralf100m.de\/wp-content\/uploads\/2025\/08\/pexels-bia-limova-1908542654-33175669-768x512.jpg 768w, https:\/\/ralf100m.de\/wp-content\/uploads\/2025\/08\/pexels-bia-limova-1908542654-33175669-1536x1024.jpg 1536w, https:\/\/ralf100m.de\/wp-content\/uploads\/2025\/08\/pexels-bia-limova-1908542654-33175669-2048x1365.jpg 2048w, https:\/\/ralf100m.de\/wp-content\/uploads\/2025\/08\/pexels-bia-limova-1908542654-33175669-18x12.jpg 18w, https:\/\/ralf100m.de\/wp-content\/uploads\/2025\/08\/pexels-bia-limova-1908542654-33175669-600x400.jpg 600w, https:\/\/ralf100m.de\/wp-content\/uploads\/2025\/08\/pexels-bia-limova-1908542654-33175669-scaled.jpg 2560w\" sizes=\"(max-width: 1024px) 100vw, 1024px\" \/><\/p>\n<p>Sadece birka\u00e7 y\u0131l \u00f6nce, bir\u00e7ok vas\u0131fl\u0131 \u00e7al\u0131\u015fan <strong>Finansal muhasebe<\/strong> i\u015flerini neredeyse \u00f6zg\u00fcrce se\u00e7ebiliyorlar. Bug\u00fcn, piyasa a\u00e7\u0131k\u00e7a \u015fu y\u00f6ne do\u011fru kaym\u0131\u015ft\u0131r <strong>\u0130\u015fveren piyasas\u0131<\/strong> Ertelendi:<\/p>\n<p>\u015eirketler daha hedefe y\u00f6nelik se\u00e7imler yap\u0131yor, pratik olgunluk ve sosyal beceriler saf teoriden daha \u00f6nemli. (Partner-Insight Robert Half)<\/p>\n<h2>1 \u0130\u015fverenler daha spesifik se\u00e7im yapar<\/h2>\n<p>\u0130flaslar ve yeniden yap\u0131lanmalar\u0131n bir sonucu olarak, aralar\u0131ndan se\u00e7im yap\u0131labilecek daha fazla nitelikli profil vard\u0131r - <em>M\u00fckemmel E\u015fle\u015fme<\/em> karar verir. Yayg\u0131n ara\u00e7larla (DATEV, Lexware) pratik deneyim, \u00e7al\u0131\u015fkanl\u0131k, h\u0131z ve ekip ileti\u015fimi somut se\u00e7im kriterleridir.<\/p>\n<p>Bu, mevcut maa\u015f ve i\u015fe al\u0131m genel bak\u0131\u015flar\u0131 ile desteklenmektedir.<\/p>\n<h2>2 Ev ofisi: seviye y\u00fcksek, ancak mevcudiyet yine daha \u00f6nemli<\/h2>\n<p>Evden \u00e7al\u0131\u015fma 2019'a g\u00f6re \u00e7ok daha yayg\u0131n olmaya devam ediyor, ancak bir\u00e7ok \u015firket tamamen uzaktan \u00e7al\u0131\u015fma modellerini azalt\u0131yor ve birka\u00e7 g\u00fcn orada bulunmay\u0131 bekliyor.<\/p>\n<p>Destatis'in belirtti\u011fine g\u00f6re <strong>24,1 %<\/strong> 2019'dan itibaren 2024'te ev ofis kullan\u0131m\u0131: <strong>12,9 %<\/strong>).<\/p>\n<p>&nbsp;<\/p>\n<p><img decoding=\"async\" class=\"aligncenter size-large wp-image-6313\" src=\"https:\/\/ralf100m.de\/wp-content\/uploads\/2025\/08\/homeoffice_de_2019_2024_destatis-1024x683.png\" alt=\"\" width=\"1024\" height=\"683\" srcset=\"https:\/\/ralf100m.de\/wp-content\/uploads\/2025\/08\/homeoffice_de_2019_2024_destatis-1024x683.png 1024w, https:\/\/ralf100m.de\/wp-content\/uploads\/2025\/08\/homeoffice_de_2019_2024_destatis-300x200.png 300w, https:\/\/ralf100m.de\/wp-content\/uploads\/2025\/08\/homeoffice_de_2019_2024_destatis-768x512.png 768w, https:\/\/ralf100m.de\/wp-content\/uploads\/2025\/08\/homeoffice_de_2019_2024_destatis-18x12.png 18w, https:\/\/ralf100m.de\/wp-content\/uploads\/2025\/08\/homeoffice_de_2019_2024_destatis-600x400.png 600w, https:\/\/ralf100m.de\/wp-content\/uploads\/2025\/08\/homeoffice_de_2019_2024_destatis.png 1200w\" sizes=\"(max-width: 1024px) 100vw, 1024px\" \/><\/p>\n<p><small>Kaynak: Federal \u0130statistik Ofisi (Destatis), \"Evden \u00e7al\u0131\u015fan istihdam edilen ki\u015filer\" (eri\u015fim 2025).<\/small><\/p>\n<h2>3 Maa\u015flar ve saatlik \u00fccretler: Oryantasyon 2025<\/h2>\n<ul>\n<li><strong>Pazar g\u00f6zlemi (ortak i\u00e7g\u00f6r\u00fcs\u00fc):<\/strong> Kariyer ba\u015flang\u0131\u00e7lar\u0131 yakla\u015f\u0131k. <strong>15-17 \u20ac\/h<\/strong>'den ilgili mesleki deneyime sahip <strong>18 \u20ac\/h<\/strong>seviyeye ba\u011fl\u0131 olarak yakla\u015f\u0131k <strong>30-35 \u20ac\/h<\/strong>.<\/li>\n<li><strong>D\u0131\u015f k\u0131yaslamalar (y\u0131ll\u0131k maa\u015flar):<\/strong> Muhasebe rolleri i\u00e7in medyan aral\u0131klar (b\u00f6lgeye\/b\u00fcy\u00fckl\u00fc\u011fe ba\u011fl\u0131 olarak) kabaca ~<strong>39-55 T\u20ac<\/strong>'ye kadar daha y\u00fcksek seviyeler (bilan\u00e7o muhasebesi)<strong>70-88 T\u20ac<\/strong> (Robert Half\/StepStone).<\/li>\n<\/ul>\n<p><img decoding=\"async\" class=\"aligncenter size-large wp-image-6314\" src=\"https:\/\/ralf100m.de\/wp-content\/uploads\/2025\/08\/gehaelter_finanzbuchhalter_roberthalf2025-1024x683.png\" alt=\"\" width=\"1024\" height=\"683\" srcset=\"https:\/\/ralf100m.de\/wp-content\/uploads\/2025\/08\/gehaelter_finanzbuchhalter_roberthalf2025-1024x683.png 1024w, https:\/\/ralf100m.de\/wp-content\/uploads\/2025\/08\/gehaelter_finanzbuchhalter_roberthalf2025-300x200.png 300w, https:\/\/ralf100m.de\/wp-content\/uploads\/2025\/08\/gehaelter_finanzbuchhalter_roberthalf2025-768x512.png 768w, https:\/\/ralf100m.de\/wp-content\/uploads\/2025\/08\/gehaelter_finanzbuchhalter_roberthalf2025-18x12.png 18w, https:\/\/ralf100m.de\/wp-content\/uploads\/2025\/08\/gehaelter_finanzbuchhalter_roberthalf2025-600x400.png 600w, https:\/\/ralf100m.de\/wp-content\/uploads\/2025\/08\/gehaelter_finanzbuchhalter_roberthalf2025.png 1200w\" sizes=\"(max-width: 1024px) 100vw, 1024px\" \/><\/p>\n<p><small>T\u00fcretme: Y\u0131ll\u0131k 39,6 bin \u20ac (StepStone medyan muhasebeci:in) kabaca haftada 40 saat \u00fczerinden ~19\u20ac\/saate kar\u015f\u0131l\u0131k gelir; RF medyan mali muhasebeci 55,25 bin \u20ac \u2248 ~27\u20ac\/saat; \u00fcst \u00e7eyrek dilim ~69,25 bin \u20ac \u2248 ~33\u20ac\/saat. Ger\u00e7ek oranlar b\u00f6lgeye (\u00f6rn. Berlin ve M\u00fcnih), \u015firket b\u00fcy\u00fckl\u00fc\u011f\u00fcne ve sorumlulu\u011fa g\u00f6re de\u011fi\u015fmektedir.\u00a0<\/small><\/p>\n<h2>4 Uluslararas\u0131 ba\u015fvuru sahipleri: Anahtar olarak dil<\/h2>\n<p>Deneyimlerimiz, yurt d\u0131\u015f\u0131ndan gelen nitelikli adaylar\u0131n \u00f6zellikle a\u015fa\u011f\u0131daki durumlarda bir\u00e7ok \u015firket i\u00e7in uygun oldu\u011funu g\u00f6stermektedir <strong>en az C1 Almanca<\/strong> (B2 genellikle g\u00fcnl\u00fck ileti\u015fim, g\u00f6rev da\u011f\u0131l\u0131m\u0131 ve problem \u00e7\u00f6zme i\u00e7in yeterli de\u011fildir.<\/p>\n<ul>\n<li><strong>Kan\u0131ta giden yol:<\/strong> C1'e kadar BAMF mesleki dil kurslar\u0131 (DeuF\u00f6V), <em>telc Deutsch C1 Beruf<\/em>, <em>Goethe-Zertifikat C1<\/em>.<\/li>\n<\/ul>\n<p>&nbsp;<\/p>\n<p><img decoding=\"async\" class=\"aligncenter size-large wp-image-6311\" src=\"https:\/\/ralf100m.de\/wp-content\/uploads\/2025\/08\/pexels-yankrukov-8837371-1024x683.jpg\" alt=\"\" width=\"1024\" height=\"683\" srcset=\"https:\/\/ralf100m.de\/wp-content\/uploads\/2025\/08\/pexels-yankrukov-8837371-1024x683.jpg 1024w, https:\/\/ralf100m.de\/wp-content\/uploads\/2025\/08\/pexels-yankrukov-8837371-300x200.jpg 300w, https:\/\/ralf100m.de\/wp-content\/uploads\/2025\/08\/pexels-yankrukov-8837371-768x512.jpg 768w, https:\/\/ralf100m.de\/wp-content\/uploads\/2025\/08\/pexels-yankrukov-8837371-1536x1024.jpg 1536w, https:\/\/ralf100m.de\/wp-content\/uploads\/2025\/08\/pexels-yankrukov-8837371-2048x1365.jpg 2048w, https:\/\/ralf100m.de\/wp-content\/uploads\/2025\/08\/pexels-yankrukov-8837371-18x12.jpg 18w, https:\/\/ralf100m.de\/wp-content\/uploads\/2025\/08\/pexels-yankrukov-8837371-600x400.jpg 600w, https:\/\/ralf100m.de\/wp-content\/uploads\/2025\/08\/pexels-yankrukov-8837371-scaled.jpg 2560w\" sizes=\"(max-width: 1024px) 100vw, 1024px\" \/><\/p>\n<p>&nbsp;<\/p>\n<h2>5 Ba\u015fvuru sahipleri \u015fimdi nas\u0131l puan al\u0131yor?<\/h2>\n<ul>\n<li><strong>Uygulama ve Ara\u00e7lar:<\/strong> G\u00fcvenli kullan\u0131m <strong>DATEV<\/strong> &amp; <strong>Lexware<\/strong>dijital belge ak\u0131\u015f\u0131, mutabakatlar.<\/li>\n<li><strong>\u0130leti\u015fim:<\/strong> Tutanaklar, e-postalar, sorgular - ideal olarak C1 seviyesinde (profesyonel).<\/li>\n<li><strong>Ger\u00e7ek\u00e7i \u00e7er\u00e7eveler:<\/strong> Mevcut olma iste\u011fi, do\u011frulanabilir katma de\u011fer ile sa\u011flam maa\u015f arg\u00fcman\u0131.<\/li>\n<\/ul>\n<hr \/>\n<h2>Avantaj\u0131m\u0131z - kariyerinizi g\u00fc\u00e7lendirici<\/h2>\n<p>Bizim <strong>Eksiksiz e\u011fitim<\/strong> teoriyi birle\u015ftirir (<em>A'dan Z'ye finansal muhasebe<\/em>), <strong>DATEV\/Lexware uygulamas\u0131<\/strong> ve bir <strong>\u00c7evrimi\u00e7i muhasebe staj\u0131<\/strong>. \u0130ste\u011fe ba\u011fl\u0131: Ba\u015fvuru, m\u00fclakat ve maa\u015f tart\u0131\u015fmas\u0131n\u0131n yan\u0131 s\u0131ra (gerekirse) ko\u00e7luk <em>\"Almanca Muhasebe\"<\/em> C1 y\u00f6n\u00fcnde bir eklenti olarak.<\/p>\n<p>&nbsp;<\/p>\n<p><a style=\"background: #0b6fb8; color: #fff; padding: 10px 14px; border-radius: 4px; text-decoration: none;\" href=\"https:\/\/ralf100m.de\/tr\/ueruen\/5614-4p\/\">Kurs detaylar\u0131n\u0131 \u015fimdi g\u00f6r\u00fcnt\u00fcleyin<\/a><\/p>","protected":false},"excerpt":{"rendered":"<p>\"Muhasebeciler i\u00e7in i\u015fg\u00fcc\u00fc piyasas\u0131 neden bir i\u015fveren piyasas\u0131na d\u00f6n\u00fc\u015ft\u00fc - ve hedeflenen pratik ve yaz\u0131l\u0131m becerileri art\u0131k nas\u0131l bir kariyer avantaj\u0131 sa\u011fl\u0131yor?\"<\/p>","protected":false},"author":3,"featured_media":6314,"comment_status":"closed","ping_status":"closed","sticky":false,"template":"","format":"standard","meta":{"footnotes":""},"categories":[105,101],"tags":[],"class_list":["post-6307","post","type-post","status-publish","format-standard","has-post-thumbnail","hentry","category-ausbildung","category-tipps"],"yoast_head":"<!-- This site is optimized with the Yoast SEO plugin v27.5 - https:\/\/yoast.com\/product\/yoast-seo-wordpress\/ -->\n<title>Vom Arbeitnehmer- zum Arbeitgebermarkt: Was sich f\u00fcr Buchhaltungskr\u00e4fte \u00e4ndert - Ralf 100M<\/title>\n<meta name=\"robots\" content=\"index, follow, max-snippet:-1, max-image-preview:large, max-video-preview:-1\" \/>\n<link rel=\"canonical\" href=\"https:\/\/ralf100m.de\/tr\/calisandan-i\u0307sverene-pazar-muhasebeci\u0307ler-i\u0307ci\u0307n-neler-degi\u0307si\u0307yor\/\" \/>\n<meta property=\"og:locale\" content=\"tr_TR\" \/>\n<meta property=\"og:type\" content=\"article\" \/>\n<meta property=\"og:title\" content=\"Vom Arbeitnehmer- zum Arbeitgebermarkt: Was sich f\u00fcr Buchhaltungskr\u00e4fte \u00e4ndert - Ralf 100M\" \/>\n<meta property=\"og:description\" content=\"\u201eWarum sich der Arbeitsmarkt f\u00fcr Buchhaltungskr\u00e4fte zum Arbeitgebermarkt gewandelt hat \u2013 und wie gezielte Praxis- und Softwarekenntnisse jetzt den Karriere\u00advorsprung sichern.\u201c\" \/>\n<meta property=\"og:url\" content=\"https:\/\/ralf100m.de\/tr\/calisandan-i\u0307sverene-pazar-muhasebeci\u0307ler-i\u0307ci\u0307n-neler-degi\u0307si\u0307yor\/\" \/>\n<meta property=\"og:site_name\" content=\"Ralf 100M\" \/>\n<meta property=\"article:published_time\" content=\"2025-08-11T13:15:15+00:00\" \/>\n<meta property=\"article:modified_time\" content=\"2025-08-11T13:30:32+00:00\" \/>\n<meta property=\"og:image\" content=\"https:\/\/ralf100m.de\/wp-content\/uploads\/2025\/08\/gehaelter_finanzbuchhalter_roberthalf2025.png\" \/>\n\t<meta property=\"og:image:width\" content=\"1200\" \/>\n\t<meta property=\"og:image:height\" content=\"800\" \/>\n\t<meta property=\"og:image:type\" content=\"image\/png\" \/>\n<meta name=\"author\" content=\"wpulitkus\" \/>\n<meta name=\"twitter:card\" content=\"summary_large_image\" \/>\n<meta name=\"twitter:label1\" content=\"Yazan:\" \/>\n\t<meta name=\"twitter:data1\" content=\"wpulitkus\" \/>\n\t<meta name=\"twitter:label2\" content=\"Tahmini okuma s\u00fcresi\" \/>\n\t<meta name=\"twitter:data2\" content=\"4 dakika\" \/>\n<script type=\"application\/ld+json\" class=\"yoast-schema-graph\">{\"@context\":\"https:\\\/\\\/schema.org\",\"@graph\":[{\"@type\":\"Article\",\"@id\":\"https:\\\/\\\/ralf100m.de\\\/vom-arbeitnehmer-zum-arbeitgebermarkt-was-sich-fuer-buchhaltungskraefte-aendert\\\/#article\",\"isPartOf\":{\"@id\":\"https:\\\/\\\/ralf100m.de\\\/vom-arbeitnehmer-zum-arbeitgebermarkt-was-sich-fuer-buchhaltungskraefte-aendert\\\/\"},\"author\":{\"name\":\"wpulitkus\",\"@id\":\"https:\\\/\\\/ralf100m.de\\\/#\\\/schema\\\/person\\\/144d88d0c18fb8f5e6bd155752132c23\"},\"headline\":\"Vom Arbeitnehmer- zum Arbeitgebermarkt: Was sich f\u00fcr Buchhaltungskr\u00e4fte \u00e4ndert\",\"datePublished\":\"2025-08-11T13:15:15+00:00\",\"dateModified\":\"2025-08-11T13:30:32+00:00\",\"mainEntityOfPage\":{\"@id\":\"https:\\\/\\\/ralf100m.de\\\/vom-arbeitnehmer-zum-arbeitgebermarkt-was-sich-fuer-buchhaltungskraefte-aendert\\\/\"},\"wordCount\":445,\"publisher\":{\"@id\":\"https:\\\/\\\/ralf100m.de\\\/#\\\/schema\\\/person\\\/144d88d0c18fb8f5e6bd155752132c23\"},\"image\":{\"@id\":\"https:\\\/\\\/ralf100m.de\\\/vom-arbeitnehmer-zum-arbeitgebermarkt-was-sich-fuer-buchhaltungskraefte-aendert\\\/#primaryimage\"},\"thumbnailUrl\":\"https:\\\/\\\/ralf100m.de\\\/wp-content\\\/uploads\\\/2025\\\/08\\\/gehaelter_finanzbuchhalter_roberthalf2025.png\",\"articleSection\":[\"Ausbildung\",\"Tipps\"],\"inLanguage\":\"tr\"},{\"@type\":\"WebPage\",\"@id\":\"https:\\\/\\\/ralf100m.de\\\/vom-arbeitnehmer-zum-arbeitgebermarkt-was-sich-fuer-buchhaltungskraefte-aendert\\\/\",\"url\":\"https:\\\/\\\/ralf100m.de\\\/vom-arbeitnehmer-zum-arbeitgebermarkt-was-sich-fuer-buchhaltungskraefte-aendert\\\/\",\"name\":\"Vom Arbeitnehmer- zum Arbeitgebermarkt: Was sich f\u00fcr Buchhaltungskr\u00e4fte \u00e4ndert - Ralf 100M\",\"isPartOf\":{\"@id\":\"https:\\\/\\\/ralf100m.de\\\/#website\"},\"primaryImageOfPage\":{\"@id\":\"https:\\\/\\\/ralf100m.de\\\/vom-arbeitnehmer-zum-arbeitgebermarkt-was-sich-fuer-buchhaltungskraefte-aendert\\\/#primaryimage\"},\"image\":{\"@id\":\"https:\\\/\\\/ralf100m.de\\\/vom-arbeitnehmer-zum-arbeitgebermarkt-was-sich-fuer-buchhaltungskraefte-aendert\\\/#primaryimage\"},\"thumbnailUrl\":\"https:\\\/\\\/ralf100m.de\\\/wp-content\\\/uploads\\\/2025\\\/08\\\/gehaelter_finanzbuchhalter_roberthalf2025.png\",\"datePublished\":\"2025-08-11T13:15:15+00:00\",\"dateModified\":\"2025-08-11T13:30:32+00:00\",\"breadcrumb\":{\"@id\":\"https:\\\/\\\/ralf100m.de\\\/vom-arbeitnehmer-zum-arbeitgebermarkt-was-sich-fuer-buchhaltungskraefte-aendert\\\/#breadcrumb\"},\"inLanguage\":\"tr\",\"potentialAction\":[{\"@type\":\"ReadAction\",\"target\":[\"https:\\\/\\\/ralf100m.de\\\/vom-arbeitnehmer-zum-arbeitgebermarkt-was-sich-fuer-buchhaltungskraefte-aendert\\\/\"]}]},{\"@type\":\"ImageObject\",\"inLanguage\":\"tr\",\"@id\":\"https:\\\/\\\/ralf100m.de\\\/vom-arbeitnehmer-zum-arbeitgebermarkt-was-sich-fuer-buchhaltungskraefte-aendert\\\/#primaryimage\",\"url\":\"https:\\\/\\\/ralf100m.de\\\/wp-content\\\/uploads\\\/2025\\\/08\\\/gehaelter_finanzbuchhalter_roberthalf2025.png\",\"contentUrl\":\"https:\\\/\\\/ralf100m.de\\\/wp-content\\\/uploads\\\/2025\\\/08\\\/gehaelter_finanzbuchhalter_roberthalf2025.png\",\"width\":1200,\"height\":800},{\"@type\":\"BreadcrumbList\",\"@id\":\"https:\\\/\\\/ralf100m.de\\\/vom-arbeitnehmer-zum-arbeitgebermarkt-was-sich-fuer-buchhaltungskraefte-aendert\\\/#breadcrumb\",\"itemListElement\":[{\"@type\":\"ListItem\",\"position\":1,\"name\":\"Startseite\",\"item\":\"https:\\\/\\\/ralf100m.de\\\/\"},{\"@type\":\"ListItem\",\"position\":2,\"name\":\"Vom Arbeitnehmer- zum Arbeitgebermarkt: Was sich f\u00fcr Buchhaltungskr\u00e4fte \u00e4ndert\"}]},{\"@type\":\"WebSite\",\"@id\":\"https:\\\/\\\/ralf100m.de\\\/#website\",\"url\":\"https:\\\/\\\/ralf100m.de\\\/\",\"name\":\"Ralf 100M\",\"description\":\"\",\"publisher\":{\"@id\":\"https:\\\/\\\/ralf100m.de\\\/#\\\/schema\\\/person\\\/144d88d0c18fb8f5e6bd155752132c23\"},\"potentialAction\":[{\"@type\":\"SearchAction\",\"target\":{\"@type\":\"EntryPoint\",\"urlTemplate\":\"https:\\\/\\\/ralf100m.de\\\/?s={search_term_string}\"},\"query-input\":{\"@type\":\"PropertyValueSpecification\",\"valueRequired\":true,\"valueName\":\"search_term_string\"}}],\"inLanguage\":\"tr\"},{\"@type\":[\"Person\",\"Organization\"],\"@id\":\"https:\\\/\\\/ralf100m.de\\\/#\\\/schema\\\/person\\\/144d88d0c18fb8f5e6bd155752132c23\",\"name\":\"wpulitkus\",\"image\":{\"@type\":\"ImageObject\",\"inLanguage\":\"tr\",\"@id\":\"https:\\\/\\\/ralf100m.de\\\/wp-content\\\/uploads\\\/2023\\\/04\\\/ralf-200px-logo.jpg\",\"url\":\"https:\\\/\\\/ralf100m.de\\\/wp-content\\\/uploads\\\/2023\\\/04\\\/ralf-200px-logo.jpg\",\"contentUrl\":\"https:\\\/\\\/ralf100m.de\\\/wp-content\\\/uploads\\\/2023\\\/04\\\/ralf-200px-logo.jpg\",\"width\":400,\"height\":162,\"caption\":\"wpulitkus\"},\"logo\":{\"@id\":\"https:\\\/\\\/ralf100m.de\\\/wp-content\\\/uploads\\\/2023\\\/04\\\/ralf-200px-logo.jpg\"}}]}<\/script>\n<!-- \/ Yoast SEO plugin. -->","yoast_head_json":{"title":"\u00c7al\u0131\u015fan pazar\u0131ndan i\u015fveren pazar\u0131na: Muhasebeciler i\u00e7in neler de\u011fi\u015fiyor - Ralf 100M","robots":{"index":"index","follow":"follow","max-snippet":"max-snippet:-1","max-image-preview":"max-image-preview:large","max-video-preview":"max-video-preview:-1"},"canonical":"https:\/\/ralf100m.de\/tr\/calisandan-i\u0307sverene-pazar-muhasebeci\u0307ler-i\u0307ci\u0307n-neler-degi\u0307si\u0307yor\/","og_locale":"tr_TR","og_type":"article","og_title":"Vom Arbeitnehmer- zum Arbeitgebermarkt: Was sich f\u00fcr Buchhaltungskr\u00e4fte \u00e4ndert - Ralf 100M","og_description":"\u201eWarum sich der Arbeitsmarkt f\u00fcr Buchhaltungskr\u00e4fte zum Arbeitgebermarkt gewandelt hat \u2013 und wie gezielte Praxis- und Softwarekenntnisse jetzt den Karriere\u00advorsprung sichern.\u201c","og_url":"https:\/\/ralf100m.de\/tr\/calisandan-i\u0307sverene-pazar-muhasebeci\u0307ler-i\u0307ci\u0307n-neler-degi\u0307si\u0307yor\/","og_site_name":"Ralf 100M","article_published_time":"2025-08-11T13:15:15+00:00","article_modified_time":"2025-08-11T13:30:32+00:00","og_image":[{"width":1200,"height":800,"url":"https:\/\/ralf100m.de\/wp-content\/uploads\/2025\/08\/gehaelter_finanzbuchhalter_roberthalf2025.png","type":"image\/png"}],"author":"wpulitkus","twitter_card":"summary_large_image","twitter_misc":{"Yazan:":"wpulitkus","Tahmini okuma s\u00fcresi":"4 dakika"},"schema":{"@context":"https:\/\/schema.org","@graph":[{"@type":"Article","@id":"https:\/\/ralf100m.de\/vom-arbeitnehmer-zum-arbeitgebermarkt-was-sich-fuer-buchhaltungskraefte-aendert\/#article","isPartOf":{"@id":"https:\/\/ralf100m.de\/vom-arbeitnehmer-zum-arbeitgebermarkt-was-sich-fuer-buchhaltungskraefte-aendert\/"},"author":{"name":"wpulitkus","@id":"https:\/\/ralf100m.de\/#\/schema\/person\/144d88d0c18fb8f5e6bd155752132c23"},"headline":"Vom Arbeitnehmer- zum Arbeitgebermarkt: Was sich f\u00fcr Buchhaltungskr\u00e4fte \u00e4ndert","datePublished":"2025-08-11T13:15:15+00:00","dateModified":"2025-08-11T13:30:32+00:00","mainEntityOfPage":{"@id":"https:\/\/ralf100m.de\/vom-arbeitnehmer-zum-arbeitgebermarkt-was-sich-fuer-buchhaltungskraefte-aendert\/"},"wordCount":445,"publisher":{"@id":"https:\/\/ralf100m.de\/#\/schema\/person\/144d88d0c18fb8f5e6bd155752132c23"},"image":{"@id":"https:\/\/ralf100m.de\/vom-arbeitnehmer-zum-arbeitgebermarkt-was-sich-fuer-buchhaltungskraefte-aendert\/#primaryimage"},"thumbnailUrl":"https:\/\/ralf100m.de\/wp-content\/uploads\/2025\/08\/gehaelter_finanzbuchhalter_roberthalf2025.png","articleSection":["Ausbildung","Tipps"],"inLanguage":"tr"},{"@type":"WebPage","@id":"https:\/\/ralf100m.de\/vom-arbeitnehmer-zum-arbeitgebermarkt-was-sich-fuer-buchhaltungskraefte-aendert\/","url":"https:\/\/ralf100m.de\/vom-arbeitnehmer-zum-arbeitgebermarkt-was-sich-fuer-buchhaltungskraefte-aendert\/","name":"\u00c7al\u0131\u015fan pazar\u0131ndan i\u015fveren pazar\u0131na: Muhasebeciler i\u00e7in neler de\u011fi\u015fiyor - Ralf 100M","isPartOf":{"@id":"https:\/\/ralf100m.de\/#website"},"primaryImageOfPage":{"@id":"https:\/\/ralf100m.de\/vom-arbeitnehmer-zum-arbeitgebermarkt-was-sich-fuer-buchhaltungskraefte-aendert\/#primaryimage"},"image":{"@id":"https:\/\/ralf100m.de\/vom-arbeitnehmer-zum-arbeitgebermarkt-was-sich-fuer-buchhaltungskraefte-aendert\/#primaryimage"},"thumbnailUrl":"https:\/\/ralf100m.de\/wp-content\/uploads\/2025\/08\/gehaelter_finanzbuchhalter_roberthalf2025.png","datePublished":"2025-08-11T13:15:15+00:00","dateModified":"2025-08-11T13:30:32+00:00","breadcrumb":{"@id":"https:\/\/ralf100m.de\/vom-arbeitnehmer-zum-arbeitgebermarkt-was-sich-fuer-buchhaltungskraefte-aendert\/#breadcrumb"},"inLanguage":"tr","potentialAction":[{"@type":"ReadAction","target":["https:\/\/ralf100m.de\/vom-arbeitnehmer-zum-arbeitgebermarkt-was-sich-fuer-buchhaltungskraefte-aendert\/"]}]},{"@type":"ImageObject","inLanguage":"tr","@id":"https:\/\/ralf100m.de\/vom-arbeitnehmer-zum-arbeitgebermarkt-was-sich-fuer-buchhaltungskraefte-aendert\/#primaryimage","url":"https:\/\/ralf100m.de\/wp-content\/uploads\/2025\/08\/gehaelter_finanzbuchhalter_roberthalf2025.png","contentUrl":"https:\/\/ralf100m.de\/wp-content\/uploads\/2025\/08\/gehaelter_finanzbuchhalter_roberthalf2025.png","width":1200,"height":800},{"@type":"BreadcrumbList","@id":"https:\/\/ralf100m.de\/vom-arbeitnehmer-zum-arbeitgebermarkt-was-sich-fuer-buchhaltungskraefte-aendert\/#breadcrumb","itemListElement":[{"@type":"ListItem","position":1,"name":"Startseite","item":"https:\/\/ralf100m.de\/"},{"@type":"ListItem","position":2,"name":"Vom Arbeitnehmer- zum Arbeitgebermarkt: Was sich f\u00fcr Buchhaltungskr\u00e4fte \u00e4ndert"}]},{"@type":"WebSite","@id":"https:\/\/ralf100m.de\/#website","url":"https:\/\/ralf100m.de\/","name":"Ralf 100M","description":"","publisher":{"@id":"https:\/\/ralf100m.de\/#\/schema\/person\/144d88d0c18fb8f5e6bd155752132c23"},"potentialAction":[{"@type":"SearchAction","target":{"@type":"EntryPoint","urlTemplate":"https:\/\/ralf100m.de\/?s={search_term_string}"},"query-input":{"@type":"PropertyValueSpecification","valueRequired":true,"valueName":"search_term_string"}}],"inLanguage":"tr"},{"@type":["Person","Organization"],"@id":"https:\/\/ralf100m.de\/#\/schema\/person\/144d88d0c18fb8f5e6bd155752132c23","name":"wpulitcus","image":{"@type":"ImageObject","inLanguage":"tr","@id":"https:\/\/ralf100m.de\/wp-content\/uploads\/2023\/04\/ralf-200px-logo.jpg","url":"https:\/\/ralf100m.de\/wp-content\/uploads\/2023\/04\/ralf-200px-logo.jpg","contentUrl":"https:\/\/ralf100m.de\/wp-content\/uploads\/2023\/04\/ralf-200px-logo.jpg","width":400,"height":162,"caption":"wpulitkus"},"logo":{"@id":"https:\/\/ralf100m.de\/wp-content\/uploads\/2023\/04\/ralf-200px-logo.jpg"}}]}},"_links":{"self":[{"href":"https:\/\/ralf100m.de\/tr\/wp-json\/wp\/v2\/posts\/6307","targetHints":{"allow":["GET"]}}],"collection":[{"href":"https:\/\/ralf100m.de\/tr\/wp-json\/wp\/v2\/posts"}],"about":[{"href":"https:\/\/ralf100m.de\/tr\/wp-json\/wp\/v2\/types\/post"}],"author":[{"embeddable":true,"href":"https:\/\/ralf100m.de\/tr\/wp-json\/wp\/v2\/users\/3"}],"replies":[{"embeddable":true,"href":"https:\/\/ralf100m.de\/tr\/wp-json\/wp\/v2\/comments?post=6307"}],"version-history":[{"count":0,"href":"https:\/\/ralf100m.de\/tr\/wp-json\/wp\/v2\/posts\/6307\/revisions"}],"wp:featuredmedia":[{"embeddable":true,"href":"https:\/\/ralf100m.de\/tr\/wp-json\/wp\/v2\/media\/6314"}],"wp:attachment":[{"href":"https:\/\/ralf100m.de\/tr\/wp-json\/wp\/v2\/media?parent=6307"}],"wp:term":[{"taxonomy":"category","embeddable":true,"href":"https:\/\/ralf100m.de\/tr\/wp-json\/wp\/v2\/categories?post=6307"},{"taxonomy":"post_tag","embeddable":true,"href":"https:\/\/ralf100m.de\/tr\/wp-json\/wp\/v2\/tags?post=6307"}],"curies":[{"name":"wp","href":"https:\/\/api.w.org\/{rel}","templated":true}]}}